{"id":148739,"date":"2025-11-12T00:40:12","date_gmt":"2025-11-12T00:40:12","guid":{"rendered":"https:\/\/www.europesays.com\/pt\/148739\/"},"modified":"2025-11-12T00:40:12","modified_gmt":"2025-11-12T00:40:12","slug":"par-de-convites-brazilian-fight-night-ribeirao-preto-promocoes","status":"publish","type":"post","link":"https:\/\/www.europesays.com\/pt\/148739\/","title":{"rendered":"Par de Convites &#8211; Brazilian Fight Night Ribeir\u00e3o Preto &#8211; Promo\u00e7\u00f5es"},"content":{"rendered":"<p>29 de novembro tem\u00a0<strong>Brazilian Fight Night,\u00a0<\/strong>o maior evento de lutas do estado, misturando adrenalina, t\u00e9cnica e entretenimento. Uma noite de combates eletrizantes, m\u00fasica e gastronomia \u2014 uma experi\u00eancia completa entre esporte e divers\u00e3o.<\/p>\n<p><strong>Data:<\/strong>\u00a029\/11\/2025<br \/><strong>Local:<\/strong>\u00a0Cava do Bosque, Ribeir\u00e3o Preto &#8211; SP<br \/><strong>Abertura dos Port\u00f5es:<\/strong>\u00a016h00<\/p>\n<p>T\u00e1 afim de concorrer a par de convites? Fa\u00e7a j\u00e1 sua inscri\u00e7\u00e3o e concorra!<\/p>\n","protected":false},"excerpt":{"rendered":"29 de novembro tem\u00a0Brazilian Fight Night,\u00a0o maior evento de lutas do estado, misturando adrenalina, t\u00e9cnica e entretenimento. Uma&hellip;\n","protected":false},"author":2,"featured_media":148740,"comment_status":"","ping_status":"","sticky":false,"template":"","format":"standard","meta":{"footnotes":""},"categories":[141],"tags":[114,115,149,150,32,8454,2064,8453,8452,33,8455],"class_list":{"0":"post-148739","1":"post","2":"type-post","3":"status-publish","4":"format-standard","5":"has-post-thumbnail","7":"category-musica","8":"tag-entertainment","9":"tag-entretenimento","10":"tag-music","11":"tag-musica","12":"tag-portugal","13":"tag-promo-clube","14":"tag-promocoes","15":"tag-promocoes-clube-fm","16":"tag-promocoes-radio","17":"tag-pt","18":"tag-quintal-da-clube"},"share_on_mastodon":{"url":"https:\/\/pubeurope.com\/@pt\/115533946819773916","error":""},"_links":{"self":[{"href":"https:\/\/www.europesays.com\/pt\/wp-json\/wp\/v2\/posts\/148739","targetHints":{"allow":["GET"]}}],"collection":[{"href":"https:\/\/www.europesays.com\/pt\/wp-json\/wp\/v2\/posts"}],"about":[{"href":"https:\/\/www.europesays.com\/pt\/wp-json\/wp\/v2\/types\/post"}],"author":[{"embeddable":true,"href":"https:\/\/www.europesays.com\/pt\/wp-json\/wp\/v2\/users\/2"}],"replies":[{"embeddable":true,"href":"https:\/\/www.europesays.com\/pt\/wp-json\/wp\/v2\/comments?post=148739"}],"version-history":[{"count":0,"href":"https:\/\/www.europesays.com\/pt\/wp-json\/wp\/v2\/posts\/148739\/revisions"}],"wp:featuredmedia":[{"embeddable":true,"href":"https:\/\/www.europesays.com\/pt\/wp-json\/wp\/v2\/media\/148740"}],"wp:attachment":[{"href":"https:\/\/www.europesays.com\/pt\/wp-json\/wp\/v2\/media?parent=148739"}],"wp:term":[{"taxonomy":"category","embeddable":true,"href":"https:\/\/www.europesays.com\/pt\/wp-json\/wp\/v2\/categories?post=148739"},{"taxonomy":"post_tag","embeddable":true,"href":"https:\/\/www.europesays.com\/pt\/wp-json\/wp\/v2\/tags?post=148739"}],"curies":[{"name":"wp","href":"https:\/\/api.w.org\/{rel}","templated":true}]}}