{"id":148793,"date":"2025-11-12T01:53:18","date_gmt":"2025-11-12T01:53:18","guid":{"rendered":"https:\/\/www.europesays.com\/pt\/148793\/"},"modified":"2025-11-12T01:53:18","modified_gmt":"2025-11-12T01:53:18","slug":"bruno-savate-mostra-empatia-com-concorrente-do-secret-story-9-ja-passei-por-muitas-situacoes-identicas-dois-as-10","status":"publish","type":"post","link":"https:\/\/www.europesays.com\/pt\/148793\/","title":{"rendered":"Bruno Savate mostra empatia com concorrente do \u00abSecret Story 9\u00bb: \u00abJ\u00e1 passei por muitas situa\u00e7\u00f5es id\u00eanticas\u00bb &#8211; Dois \u00e0s 10"},"content":{"rendered":"<p>No <a href=\"https:\/\/tvi.iol.pt\/doisas10\/\" rel=\"nofollow noopener\" target=\"_blank\">\u00abDois \u00e0s 10\u00bb<\/a>, Bruno Savate, um dos nomes mais ic\u00f3nicos da hist\u00f3ria dos reality shows em Portugal, junta-se a n\u00f3s para comentar e esclarecer todos os detalhes sobre a mais recente pol\u00e9mica que est\u00e1 a agitar a casa do \u00abSecret Story 9\u00bb. Com a sua experi\u00eancia e olhar atento, Savate promete n\u00e3o deixar nada por dizer e revelar o que realmente se passa por detr\u00e1s das c\u00e2maras deste fen\u00f3meno televisivo.<\/p>\n","protected":false},"excerpt":{"rendered":"No \u00abDois \u00e0s 10\u00bb, Bruno Savate, um dos nomes mais ic\u00f3nicos da hist\u00f3ria dos reality shows em Portugal,&hellip;\n","protected":false},"author":2,"featured_media":148794,"comment_status":"","ping_status":"","sticky":false,"template":"","format":"standard","meta":{"footnotes":""},"categories":[142],"tags":[1253,329,166,3412,3406,3409,801,3410,3411,3407,3408,114,115,3413,338,32,33,16686,151],"class_list":{"0":"post-148793","1":"post","2":"type-post","3":"status-publish","4":"format-standard","5":"has-post-thumbnail","7":"category-tv","8":"tag-bruno-savate","9":"tag-claudio-ramos","10":"tag-cristina-ferreira","11":"tag-dois-10","12":"tag-dois-a-s-10-dois-a-s-10","13":"tag-dois-a-s-dez","14":"tag-dois-as-10","15":"tag-dois-as-dez","16":"tag-dois-dez","17":"tag-doisas10","18":"tag-doisasdez","19":"tag-entertainment","20":"tag-entretenimento","21":"tag-manha-tvi","22":"tag-maria-botelho-moniz","23":"tag-portugal","24":"tag-pt","25":"tag-secret-story-9","26":"tag-tv"},"share_on_mastodon":{"url":"https:\/\/pubeurope.com\/@pt\/115534233778501857","error":""},"_links":{"self":[{"href":"https:\/\/www.europesays.com\/pt\/wp-json\/wp\/v2\/posts\/148793","targetHints":{"allow":["GET"]}}],"collection":[{"href":"https:\/\/www.europesays.com\/pt\/wp-json\/wp\/v2\/posts"}],"about":[{"href":"https:\/\/www.europesays.com\/pt\/wp-json\/wp\/v2\/types\/post"}],"author":[{"embeddable":true,"href":"https:\/\/www.europesays.com\/pt\/wp-json\/wp\/v2\/users\/2"}],"replies":[{"embeddable":true,"href":"https:\/\/www.europesays.com\/pt\/wp-json\/wp\/v2\/comments?post=148793"}],"version-history":[{"count":0,"href":"https:\/\/www.europesays.com\/pt\/wp-json\/wp\/v2\/posts\/148793\/revisions"}],"wp:featuredmedia":[{"embeddable":true,"href":"https:\/\/www.europesays.com\/pt\/wp-json\/wp\/v2\/media\/148794"}],"wp:attachment":[{"href":"https:\/\/www.europesays.com\/pt\/wp-json\/wp\/v2\/media?parent=148793"}],"wp:term":[{"taxonomy":"category","embeddable":true,"href":"https:\/\/www.europesays.com\/pt\/wp-json\/wp\/v2\/categories?post=148793"},{"taxonomy":"post_tag","embeddable":true,"href":"https:\/\/www.europesays.com\/pt\/wp-json\/wp\/v2\/tags?post=148793"}],"curies":[{"name":"wp","href":"https:\/\/api.w.org\/{rel}","templated":true}]}}