{"id":148801,"date":"2025-11-12T02:05:10","date_gmt":"2025-11-12T02:05:10","guid":{"rendered":"https:\/\/www.europesays.com\/pt\/148801\/"},"modified":"2025-11-12T02:05:10","modified_gmt":"2025-11-12T02:05:10","slug":"gosto-de-ser-chique-revelado-misterio-do-detetive-no-furto-ao-louvre","status":"publish","type":"post","link":"https:\/\/www.europesays.com\/pt\/148801\/","title":{"rendered":"&#8220;Gosto de ser chique&#8221;. Revelado mist\u00e9rio do &#8216;detetive&#8217; no furto ao Louvre"},"content":{"rendered":"<p>O mist\u00e9rio do jovem que foi fotografado de chap\u00e9u fedora e indument\u00e1ria do s\u00e9culo XX junto ao Museu do Louvre, em Paris, no dia do assalto \u00e0quele monumento, foi finalmente desvendado. F\u00e3 dos detetives Sherlock Holmes e Hercule Poirot, Pedro Elias Garzon Delvaux passou pelo local por acaso. \u00c9 que, tal como muitos outros, o adolescente de 15 anos pretendia apenas visitar a atra\u00e7\u00e3o parisiense.<\/p>\n<p>Quando soube que a fotografia em que surge diante de tr\u00eas pol\u00edcias estava a correr a internet, Pedro decidiu aguardar e observar.<\/p>\n<p>\u201cN\u00e3o queria dizer logo que era eu. Com esta fotografia h\u00e1 um mist\u00e9rio, tinha de o fazer perdurar\u201d, explicou, em declara\u00e7\u00f5es \u00e0 Associated Press.<\/p>\n<p>Face \u00e0s teorias de que a imagem poderia ter sido gerada por Intelig\u00eancia Artificial (IA), o jovem n\u00e3o se mostrou surpreendido.<\/p>\n<p>\u201cNa fotografia, estou vestido como nos anos 1940, e estamos em 2025. H\u00e1 um contraste\u201d, disse.<\/p>\n<p>At\u00e9 alguns dos seus familiares e amigos hesitaram quanto \u00e0 autenticidade da imagem. Contudo, a m\u00e3e do adolescente, que surge atr\u00e1s dele, confirmou que a fotografia era real. E, de facto, a hist\u00f3ria \u00e9 mais banal do que se poderia pensar: Pedro, que vive com os pais e os av\u00f3s em Rambouillet, a cerca de 30 quil\u00f3metros de Paris, ia visitar o Louvre com a m\u00e3e e o av\u00f4.<\/p>\n<p>\u201cQuer\u00edamos ir ao Louvre, mas estava fechado. N\u00e3o sab\u00edamos que tinha havido um assalto. Quando a fotografia foi tirada, n\u00e3o sabia. Estava s\u00f3 a passar\u201d, assegurou.<\/p>\n<blockquote class=\"twitter-tweet\"><p>&#13;<\/p>\n<p dir=\"ltr\" lang=\"it\">\u201cFedora Man\u201d smascherato: ecco chi \u00e8 l\u2019uomo misterioso del Louvre<br \/>La foto dell\u2019uomo con cappello e impermeabile davanti al museo parigino aveva fatto impazzire il web.<br \/>Oggi il mistero \u00e8 risolto: si tratta di Pedro Elias Garzon Delvaux, giovane artista e fotografo.<br \/>La sua immagine\u2026 <a href=\"https:\/\/t.co\/ow4UENrFne\" rel=\"nofollow\">pic.twitter.com\/ow4UENrFne<\/a><\/p>\n<p>&#13;<br \/>\n                                                    \u2014 LaPresse (@LaPresse_news) <a href=\"https:\/\/twitter.com\/LaPresse_news\/status\/1987844030391087409?ref_src=twsrc%5Etfw\" rel=\"nofollow noopener\" target=\"_blank\">November 10, 2025<\/a><\/p><\/blockquote>\n<p>Quatro dias depois, uma conhecida questionou-o se era mesmo ele na imagem, que tinha, na altura, cinco milh\u00f5es de visualiza\u00e7\u00f5es. Depois, a m\u00e3e do adolescente ligou-lhe a dizer que estava numa not\u00edcia do New York Times. Primos na Col\u00f4mbia, amigos na \u00c1ustria e colegas de escola tamb\u00e9m o contactaram.<\/p>\n<p>\u201cAs pessoas diziam, \u2018tornaste-te uma estrela\u2019. Fiquei surpreendido por uma fotografia se tornar viral em poucos dias\u201d, disse.<\/p>\n<p>Pedro come\u00e7ou a vestir-se desta forma h\u00e1 menos de um ano, inspirado pela hist\u00f3ria do s\u00e9culo XX e pelas imagens a preto e branco de estadistas e detetives fict\u00edcios. No entanto, o chap\u00e9u fedora est\u00e1 reservado para fins de semana, feriados e idas a museus.<\/p>\n<blockquote class=\"twitter-tweet\"><p>&#13;<\/p>\n<p dir=\"ltr\" lang=\"en\">The man in the fedora, who looks like he came out of a detective film noir from the 1940s is an actual French police detective who\u2019s investigating the theft of the Crown Jewels at the Louvre. Pure aesthetic. <a href=\"https:\/\/t.co\/XgpgscYGDz\" rel=\"nofollow\">pic.twitter.com\/XgpgscYGDz<\/a><\/p>\n<p>&#13;<br \/>\n                                                    \u2014 Ian Miles Cheong (@ianmiles) <a href=\"https:\/\/twitter.com\/ianmiles\/status\/1981083002613723397?ref_src=twsrc%5Etfw\" rel=\"nofollow noopener\" target=\"_blank\">October 22, 2025<\/a><\/p><\/blockquote>\n<p>\u201cGosto de ser chique. Vou para a escola assim\u201d, garantiu.<\/p>\n<p>Ali\u00e1s, a m\u00e3e do jovem, F\u00e9licit\u00e9 Garzon Delvaux, cresceu num pal\u00e1cio-museu do s\u00e9culo XVIII, filha de um curador e de uma artista \u2013 e leva Pedro regularmente a exposi\u00e7\u00f5es.<\/p>\n<p>\u201cAs pessoas tinham de tentar descobrir quem eu era. [\u2026] Depois, vieram os jornalistas e disse-lhes a minha idade. Ficaram extremamente surpreendidos\u201d, disse.<\/p>\n<p>E brincou: \u201cEstou \u00e0 espera que me contactem para filmes. Seria muito engra\u00e7ado.\u201d<\/p>\n<p>Leia Tamb\u00e9m: <a href=\"https:\/\/www.noticiasaominuto.com\/mundo\/2883317\/joias-da-coroa-imagens-falsas-dos-ladroes-do-louvre-incendeiam-a-net\" target=\"_blank\" rel=\"noopener noreferrer nofollow\">&#8220;S\u00e3o eles?&#8221; Falsos ladr\u00f5es tomaram internet de assalto, mas n\u00e3o o Louvre<\/a><\/p>\n<p>                                            <script async src=\"https:\/\/platform.twitter.com\/widgets.js\" charset=\"utf-8\"><\/script><\/p>\n","protected":false},"excerpt":{"rendered":"O mist\u00e9rio do jovem que foi fotografado de chap\u00e9u fedora e indument\u00e1ria do s\u00e9culo XX junto ao Museu&hellip;\n","protected":false},"author":2,"featured_media":148802,"comment_status":"","ping_status":"","sticky":false,"template":"","format":"standard","meta":{"footnotes":""},"categories":[144],"tags":[207,205,206,203,201,202,204,114,115,32,33],"class_list":{"0":"post-148801","1":"post","2":"type-post","3":"status-publish","4":"format-standard","5":"has-post-thumbnail","7":"category-arte-e-design","8":"tag-arte","9":"tag-arte-e-design","10":"tag-artedesign","11":"tag-arts","12":"tag-arts-and-design","13":"tag-artsanddesign","14":"tag-design","15":"tag-entertainment","16":"tag-entretenimento","17":"tag-portugal","18":"tag-pt"},"share_on_mastodon":{"url":"https:\/\/pubeurope.com\/@pt\/115534281011764408","error":""},"_links":{"self":[{"href":"https:\/\/www.europesays.com\/pt\/wp-json\/wp\/v2\/posts\/148801","targetHints":{"allow":["GET"]}}],"collection":[{"href":"https:\/\/www.europesays.com\/pt\/wp-json\/wp\/v2\/posts"}],"about":[{"href":"https:\/\/www.europesays.com\/pt\/wp-json\/wp\/v2\/types\/post"}],"author":[{"embeddable":true,"href":"https:\/\/www.europesays.com\/pt\/wp-json\/wp\/v2\/users\/2"}],"replies":[{"embeddable":true,"href":"https:\/\/www.europesays.com\/pt\/wp-json\/wp\/v2\/comments?post=148801"}],"version-history":[{"count":0,"href":"https:\/\/www.europesays.com\/pt\/wp-json\/wp\/v2\/posts\/148801\/revisions"}],"wp:featuredmedia":[{"embeddable":true,"href":"https:\/\/www.europesays.com\/pt\/wp-json\/wp\/v2\/media\/148802"}],"wp:attachment":[{"href":"https:\/\/www.europesays.com\/pt\/wp-json\/wp\/v2\/media?parent=148801"}],"wp:term":[{"taxonomy":"category","embeddable":true,"href":"https:\/\/www.europesays.com\/pt\/wp-json\/wp\/v2\/categories?post=148801"},{"taxonomy":"post_tag","embeddable":true,"href":"https:\/\/www.europesays.com\/pt\/wp-json\/wp\/v2\/tags?post=148801"}],"curies":[{"name":"wp","href":"https:\/\/api.w.org\/{rel}","templated":true}]}}