{"id":148812,"date":"2025-11-12T02:24:15","date_gmt":"2025-11-12T02:24:15","guid":{"rendered":"https:\/\/www.europesays.com\/pt\/148812\/"},"modified":"2025-11-12T02:24:15","modified_gmt":"2025-11-12T02:24:15","slug":"cristiano-ronaldo-revela-a-cnn-que-o-mundial-2026-vai-definitivamente-ser-o-ultimo","status":"publish","type":"post","link":"https:\/\/www.europesays.com\/pt\/148812\/","title":{"rendered":"Cristiano Ronaldo revela \u00e0 CNN que o Mundial 2026 vai &#8220;definitivamente&#8221; ser o \u00faltimo"},"content":{"rendered":"<p>\t                Craque garante estar a aproveitar o momento, mas admite que a hora da reforma est\u00e1 para &#8220;mesmo breve&#8221;<\/p>\n<p>Cristiano Ronaldo confessou esta ter\u00e7a-feira que o Campeonato do Mundo de Futebol de 2026 ser\u00e1 \u201cdefinitivamente\u201d o seu \u00faltimo.<\/p>\n<p>\u201cTerei 41 anos e penso que ser\u00e1 o momento da grande competi\u00e7\u00e3o\u201d, afirmou o avan\u00e7ado portugu\u00eas a Becky Anderson, da CNN, numa entrevista na Tourise Summit, em Riade, na Ar\u00e1bia Saudita, esta ter\u00e7a-feira.<\/p>\n<p>&#8220;Estou a aproveitar o momento, mas quando digo em breve, \u00e9 mesmo em breve, porque dei tudo pelo futebol&#8221;, continuou Cristiano Ronaldo, o melhor marcador de sempre da hist\u00f3ria do futebol de sele\u00e7\u00f5es.<\/p>\n<p>&#8220;Estou no futebol h\u00e1 25 anos. Fiz de tudo. Tenho muitos recordes em diferentes cen\u00e1rios nos clubes e tamb\u00e9m nas sele\u00e7\u00f5es nacionais. Estou muito orgulhoso, por isso vamos aproveitar o momento, viver o momento.&#8221;<\/p>\n<p>Ronaldo marcou 143 golos internacionais e \u00e9 o primeiro jogador masculino a marcar em cinco Campeonatos do Mundo.<\/p>\n<p>O torneio alargado de 48 equipas, o maior da hist\u00f3ria, tem in\u00edcio a 11 de junho de 2026, nos EUA, M\u00e9xico e Canad\u00e1.<\/p>\n<p>O sorteio do Campeonato do Mundo est\u00e1 agendado para 5 de dezembro no Kennedy Center em Washington, DC.<\/p>\n<p>No in\u00edcio deste ano, Cristiano Ronaldo tornou-se o primeiro jogador bilion\u00e1rio do desporto, na sequ\u00eancia de um contrato que assinou com o Al Nassr, de acordo com o \u00cdndice de Bilion\u00e1rios da Bloomberg.<\/p>\n<p>Cristiano Ronaldo disse ainda que espera que o seu filho Cristiano Jr., que joga na sele\u00e7\u00e3o portuguesa de sub-16, acabe por ser melhor jogador do que ele em campo.<\/p>\n<p>\u201cSeres humanos, n\u00e3o queremos que ningu\u00e9m seja melhor do que n\u00f3s\u201d, disse Cristiano Ronaldo. \u201cMas, no meu ponto de vista, gostava que os meus filhos fossem melhores do que eu, nunca vou ter ci\u00fames dele, acredita.\u201d<\/p>\n<p>Ronaldo disse que tudo o que quer \u00e9 que o seu filho seja feliz e n\u00e3o tenha de suportar qualquer press\u00e3o por ser seu filho.<\/p>\n<p>\u201cComo pai, estou aqui para o ajudar a ser o que ele quiser ser.\u201d<\/p>\n","protected":false},"excerpt":{"rendered":"Craque garante estar a aproveitar o momento, mas admite que a hora da reforma est\u00e1 para &#8220;mesmo breve&#8221;&hellip;\n","protected":false},"author":2,"featured_media":148813,"comment_status":"","ping_status":"","sticky":false,"template":"","format":"standard","meta":{"footnotes":""},"categories":[87],"tags":[609,836,611,27,607,608,333,832,604,667,135,610,476,301,830,603,570,831,833,12632,62,834,13,835,602,52,32,33,32514,4338,134,29],"class_list":{"0":"post-148812","1":"post","2":"type-post","3":"status-publish","4":"format-standard","5":"has-post-thumbnail","7":"category-desporto","8":"tag-alerta","9":"tag-analise","10":"tag-ao-minuto","11":"tag-breaking-news","12":"tag-cnn","13":"tag-cnn-portugal","14":"tag-comentadores","15":"tag-costa","16":"tag-crime","17":"tag-cristiano-ronaldo","18":"tag-desporto","19":"tag-direto","20":"tag-economia","21":"tag-governo","22":"tag-guerra","23":"tag-justica","24":"tag-live","25":"tag-mais-vistas","26":"tag-marcelo","27":"tag-mundial-2026","28":"tag-mundo","29":"tag-negocios","30":"tag-noticias","31":"tag-opiniao","32":"tag-pais","33":"tag-politica","34":"tag-portugal","35":"tag-pt","36":"tag-reforma-cristiano-ronaldo","37":"tag-selecao","38":"tag-sports","39":"tag-ultimas"},"share_on_mastodon":{"url":"https:\/\/pubeurope.com\/@pt\/115534355912232759","error":""},"_links":{"self":[{"href":"https:\/\/www.europesays.com\/pt\/wp-json\/wp\/v2\/posts\/148812","targetHints":{"allow":["GET"]}}],"collection":[{"href":"https:\/\/www.europesays.com\/pt\/wp-json\/wp\/v2\/posts"}],"about":[{"href":"https:\/\/www.europesays.com\/pt\/wp-json\/wp\/v2\/types\/post"}],"author":[{"embeddable":true,"href":"https:\/\/www.europesays.com\/pt\/wp-json\/wp\/v2\/users\/2"}],"replies":[{"embeddable":true,"href":"https:\/\/www.europesays.com\/pt\/wp-json\/wp\/v2\/comments?post=148812"}],"version-history":[{"count":0,"href":"https:\/\/www.europesays.com\/pt\/wp-json\/wp\/v2\/posts\/148812\/revisions"}],"wp:featuredmedia":[{"embeddable":true,"href":"https:\/\/www.europesays.com\/pt\/wp-json\/wp\/v2\/media\/148813"}],"wp:attachment":[{"href":"https:\/\/www.europesays.com\/pt\/wp-json\/wp\/v2\/media?parent=148812"}],"wp:term":[{"taxonomy":"category","embeddable":true,"href":"https:\/\/www.europesays.com\/pt\/wp-json\/wp\/v2\/categories?post=148812"},{"taxonomy":"post_tag","embeddable":true,"href":"https:\/\/www.europesays.com\/pt\/wp-json\/wp\/v2\/tags?post=148812"}],"curies":[{"name":"wp","href":"https:\/\/api.w.org\/{rel}","templated":true}]}}