{"id":148816,"date":"2025-11-12T02:29:15","date_gmt":"2025-11-12T02:29:15","guid":{"rendered":"https:\/\/www.europesays.com\/pt\/148816\/"},"modified":"2025-11-12T02:29:15","modified_gmt":"2025-11-12T02:29:15","slug":"russia-diz-que-impediu-plano-para-roubo-de-caca-com-missil-observador","status":"publish","type":"post","link":"https:\/\/www.europesays.com\/pt\/148816\/","title":{"rendered":"R\u00fassia diz que impediu plano para roubo de ca\u00e7a com m\u00edssil \u2013 Observador"},"content":{"rendered":"<p>Siga <a href=\"https:\/\/observador.pt\/liveblogs\/russia-diz-que-impediu-plano-da-ucrania-e-reino-unido-para-roubar-caca-com-missil-hipersonico\/\" target=\"_blank\" rel=\"noopener nofollow\">aqui<\/a> o nosso liveblog sobre o conflito na Ucr\u00e2nia<\/p>\n<p>O Servi\u00e7o Federal de Seguran\u00e7a russo (FSB) disse esta ter\u00e7a-feira que impediu um plano conjunto da Ucr\u00e2nia e do Reino Unido para subornar pilotos russos e lev\u00e1-los a roubar um ca\u00e7a MiG-31, equipado com um m\u00edssil hipers\u00f3nico Kinzhal. A not\u00edcia foi avan\u00e7ada por ag\u00eancias estatais russas, que escreveram que o objetivo da miss\u00e3o era encenar uma \u201cprovoca\u00e7\u00e3o\u201d \u00e0 NATO.<\/p>\n<p>Segundo a <a href=\"https:\/\/ria.ru\/20251111\/ukraina-2054085295.html\" target=\"_blank\" rel=\"noopener nofollow\">Ria<\/a> e <a href=\"https:\/\/tass.ru\/proisshestviya\/25586221\" target=\"_blank\" rel=\"noopener nofollow\">Tass<\/a>, os servi\u00e7os secretos ucranianos tentaram recrutar pilotos russos, prometendo pagar-lhes tr\u00eas milh\u00f5es de d\u00f3lares e oferecendo a possibilidade de obter a cidadania de um pa\u00eds ocidental. \u201cOs servi\u00e7os secretos planearam subsequentemente voar a aeronave, equipada com um m\u00edssil Kinzhal, para o local da maior base a\u00e9rea da NATO no sudeste da Europa, localizada em Constanta, na Rom\u00e9nia, onde poderia ter sido atingida pela defesa a\u00e9rea\u201d, noticiaram, citando o FSB. Referiam-se \u00e0 base Mihail Kogalnicean, que no ano passado <a href=\"https:\/\/www.bbc.com\/news\/articles\/c977wggg4pgo\" target=\"_blank\" rel=\"noopener nofollow\">estava a ser alargada para se tornar a maior base da NATO na Europa<\/a>.<\/p>\n<blockquote class=\"wp-embedded-content\" data-secret=\"90uNFI2IlH\">\n<p><a href=\"https:\/\/observador.pt\/2025\/11\/10\/russia-volta-atacar-a-ucrania-com-misseis-hipersonicos-kinzhal-e-bateria-de-drones\/\" rel=\"nofollow noopener\" target=\"_blank\">R\u00fassia volta atacar a Ucr\u00e2nia com m\u00edsseis hipers\u00f3nicos Kinzhal e bateria de drones<\/a><\/p>\n<\/blockquote>\n<p>O Servi\u00e7o Federal de Seguran\u00e7a russo afirmou que o objetivo da Ucr\u00e2nia n\u00e3o era proteger o piloto e a aeronave, mas provocar um acidente. Alegou tamb\u00e9m que a miss\u00e3o conjunta entre Ucr\u00e2nia e Reino Unido, que teria come\u00e7ado a ser preparada em outono de 2024, envolveria membros do jornal de investiga\u00e7\u00e3o Bellingcat, que <a href=\"https:\/\/observador.pt\/2022\/03\/16\/policia-russa-de-telecomunicacoes-bloqueia-mais-15-meios-de-comunicacao-digitais\/\" target=\"_blank\" rel=\"noopener nofollow\">foi bloqueado pela R\u00fassia<\/a>.<\/p>\n<blockquote class=\"wp-embedded-content\" data-secret=\"vVPbkMRwlH\">\n<p><a href=\"https:\/\/observador.pt\/2022\/03\/16\/policia-russa-de-telecomunicacoes-bloqueia-mais-15-meios-de-comunicacao-digitais\/\" rel=\"nofollow noopener\" target=\"_blank\">Pol\u00edcia russa de telecomunica\u00e7\u00f5es bloqueia mais 15 meios de comunica\u00e7\u00e3o digitais<\/a><\/p>\n<\/blockquote>\n<p>A ag\u00eancia Ria cita um piloto russo que disse ter sido contactado no ano passado por um suposto representante da Bellingcat, que se teria apresentado como Sergei Lugovskoy. O homem teria oferecido dinheiro por consultoria militar, indicou o piloto, garantindo que recusou. \u201cAcredito que o objetivo de Sergei ao contactar-me era comprometer [a minha posi\u00e7\u00e3o]\u201d, acrescentou.<\/p>\n","protected":false},"excerpt":{"rendered":"Siga aqui o nosso liveblog sobre o conflito na Ucr\u00e2nia O Servi\u00e7o Federal de Seguran\u00e7a russo (FSB) disse&hellip;\n","protected":false},"author":2,"featured_media":148817,"comment_status":"","ping_status":"","sticky":false,"template":"","format":"standard","meta":{"footnotes":""},"categories":[50],"tags":[27,28,445,15,16,1123,14,25,26,21,22,62,12,13,19,20,23,24,3879,17,18,1124,29,30,31,63,64,65],"class_list":{"0":"post-148816","1":"post","2":"type-post","3":"status-publish","4":"format-standard","5":"has-post-thumbnail","7":"category-mundo","8":"tag-breaking-news","9":"tag-breakingnews","10":"tag-europa","11":"tag-featured-news","12":"tag-featurednews","13":"tag-guerra-na-ucru00e2nia","14":"tag-headlines","15":"tag-latest-news","16":"tag-latestnews","17":"tag-main-news","18":"tag-mainnews","19":"tag-mundo","20":"tag-news","21":"tag-noticias","22":"tag-noticias-principais","23":"tag-noticiasprincipais","24":"tag-principais-noticias","25":"tag-principaisnoticias","26":"tag-ru00fassia","27":"tag-top-stories","28":"tag-topstories","29":"tag-ucru00e2nia","30":"tag-ultimas","31":"tag-ultimas-noticias","32":"tag-ultimasnoticias","33":"tag-world","34":"tag-world-news","35":"tag-worldnews"},"share_on_mastodon":{"url":"https:\/\/pubeurope.com\/@pt\/115534375352445474","error":""},"_links":{"self":[{"href":"https:\/\/www.europesays.com\/pt\/wp-json\/wp\/v2\/posts\/148816","targetHints":{"allow":["GET"]}}],"collection":[{"href":"https:\/\/www.europesays.com\/pt\/wp-json\/wp\/v2\/posts"}],"about":[{"href":"https:\/\/www.europesays.com\/pt\/wp-json\/wp\/v2\/types\/post"}],"author":[{"embeddable":true,"href":"https:\/\/www.europesays.com\/pt\/wp-json\/wp\/v2\/users\/2"}],"replies":[{"embeddable":true,"href":"https:\/\/www.europesays.com\/pt\/wp-json\/wp\/v2\/comments?post=148816"}],"version-history":[{"count":0,"href":"https:\/\/www.europesays.com\/pt\/wp-json\/wp\/v2\/posts\/148816\/revisions"}],"wp:featuredmedia":[{"embeddable":true,"href":"https:\/\/www.europesays.com\/pt\/wp-json\/wp\/v2\/media\/148817"}],"wp:attachment":[{"href":"https:\/\/www.europesays.com\/pt\/wp-json\/wp\/v2\/media?parent=148816"}],"wp:term":[{"taxonomy":"category","embeddable":true,"href":"https:\/\/www.europesays.com\/pt\/wp-json\/wp\/v2\/categories?post=148816"},{"taxonomy":"post_tag","embeddable":true,"href":"https:\/\/www.europesays.com\/pt\/wp-json\/wp\/v2\/tags?post=148816"}],"curies":[{"name":"wp","href":"https:\/\/api.w.org\/{rel}","templated":true}]}}