{"id":148826,"date":"2025-11-12T02:43:13","date_gmt":"2025-11-12T02:43:13","guid":{"rendered":"https:\/\/www.europesays.com\/pt\/148826\/"},"modified":"2025-11-12T02:43:13","modified_gmt":"2025-11-12T02:43:13","slug":"mario-branco-para-o-arbitro-do-benfica-casa-pia-vou-te-rebentar-todo","status":"publish","type":"post","link":"https:\/\/www.europesays.com\/pt\/148826\/","title":{"rendered":"M\u00e1rio Branco para o \u00e1rbitro do Benfica-Casa Pia: &#8220;Vou-te rebentar todo&#8221;"},"content":{"rendered":"<p data-remotead-prev-elm=\"true\" data-remotead-elm-id=\"inread\">No relat\u00f3rio, a que <a href=\"https:\/\/www.ojogo.pt\/futebol\/artigo\/vou-te-rebentar-todo-o-que-diz-o-relatorio-de-gustavo-correia-sobre-mario-branco\/18018684\" target=\"_blank\" rel=\"nofollow noopener\">O JOGO<\/a> teve acesso, o juiz explicou as palavras proferidas pelo diretor.<\/p>\n<p>&#8220;Honra as ins\u00edgnias que tens ao peito, \u00e9s uma vergonha do c&#8230;! Vou rebentar contigo e com o Jo\u00e3o Bento que era o VAR!&#8221;, disse M\u00e1rio Branco no relvado, vendo o cart\u00e3o vermelho.<\/p>\n<p>Gustavo Correia salienta ainda que M\u00e1rio Branco &#8220;perseguiu a equipa de arbitragem durante o percurso da sa\u00edda do relvado at\u00e9 ao corredor dos balne\u00e1rios&#8221;, continuando com palavras na dire\u00e7\u00e3o do \u00e1rbitro. &#8220;Podes ter a certeza que vou-te rebentar todo, olha o que digo! Vou-te rebentar a ti e ao Jo\u00e3o Bento! N\u00e3o vales merda nenhuma, nem tu, nem ele! Palha\u00e7os do c&#8230;, \u00e9 uma vergonha, o que nos fizeram hoje aqui foi uma vergonha&#8221;, disse, segundo escreveu Gustavo Correia.<\/p>\n","protected":false},"excerpt":{"rendered":"No relat\u00f3rio, a que O JOGO teve acesso, o juiz explicou as palavras proferidas pelo diretor. &#8220;Honra as&hellip;\n","protected":false},"author":2,"featured_media":148827,"comment_status":"","ping_status":"","sticky":false,"template":"","format":"standard","meta":{"footnotes":""},"categories":[87],"tags":[3266,51,1529,135,32,33,134],"class_list":{"0":"post-148826","1":"post","2":"type-post","3":"status-publish","4":"format-standard","5":"has-post-thumbnail","7":"category-desporto","8":"tag-arbitragem","9":"tag-benfica","10":"tag-casa-pia","11":"tag-desporto","12":"tag-portugal","13":"tag-pt","14":"tag-sports"},"share_on_mastodon":{"url":"https:\/\/pubeurope.com\/@pt\/115534430453104519","error":""},"_links":{"self":[{"href":"https:\/\/www.europesays.com\/pt\/wp-json\/wp\/v2\/posts\/148826","targetHints":{"allow":["GET"]}}],"collection":[{"href":"https:\/\/www.europesays.com\/pt\/wp-json\/wp\/v2\/posts"}],"about":[{"href":"https:\/\/www.europesays.com\/pt\/wp-json\/wp\/v2\/types\/post"}],"author":[{"embeddable":true,"href":"https:\/\/www.europesays.com\/pt\/wp-json\/wp\/v2\/users\/2"}],"replies":[{"embeddable":true,"href":"https:\/\/www.europesays.com\/pt\/wp-json\/wp\/v2\/comments?post=148826"}],"version-history":[{"count":0,"href":"https:\/\/www.europesays.com\/pt\/wp-json\/wp\/v2\/posts\/148826\/revisions"}],"wp:featuredmedia":[{"embeddable":true,"href":"https:\/\/www.europesays.com\/pt\/wp-json\/wp\/v2\/media\/148827"}],"wp:attachment":[{"href":"https:\/\/www.europesays.com\/pt\/wp-json\/wp\/v2\/media?parent=148826"}],"wp:term":[{"taxonomy":"category","embeddable":true,"href":"https:\/\/www.europesays.com\/pt\/wp-json\/wp\/v2\/categories?post=148826"},{"taxonomy":"post_tag","embeddable":true,"href":"https:\/\/www.europesays.com\/pt\/wp-json\/wp\/v2\/tags?post=148826"}],"curies":[{"name":"wp","href":"https:\/\/api.w.org\/{rel}","templated":true}]}}