{"id":148828,"date":"2025-11-12T02:44:32","date_gmt":"2025-11-12T02:44:32","guid":{"rendered":"https:\/\/www.europesays.com\/pt\/148828\/"},"modified":"2025-11-12T02:44:32","modified_gmt":"2025-11-12T02:44:32","slug":"quase-dois-milhoes-de-vacinados-contra-a-gripe-observador","status":"publish","type":"post","link":"https:\/\/www.europesays.com\/pt\/148828\/","title":{"rendered":"Quase dois milh\u00f5es de vacinados contra a gripe \u2013 Observador"},"content":{"rendered":"<p>Mais de um milh\u00e3o de pessoas j\u00e1 foram vacinadas contra a Covid-19 desde o in\u00edcio da campanha sazonal, em setembro, enquanto a gripe se aproxima dos dois milh\u00f5es de vacinados, segundo dados oficiais esta ter\u00e7a-feira divulgados.<\/p>\n<p>Segundo a Dire\u00e7\u00e3o-Geral da Sa\u00fade (DGS), j\u00e1 foram administradas 1.088.936 vacinas contra a Covid-19, das quais 557.369 em estabelecimentos do Servi\u00e7o Nacional de Sa\u00fade (SNS) e 530.625 em farm\u00e1cias.<\/p>\n<p>Na vacina\u00e7\u00e3o contra a gripe, foram administradas 1.906.316 vacinas, das quais 987.241 no SNS e 917.335 nas farm\u00e1cias.<\/p>\n<p>De acordo com os dados da DGS, 52% das pessoas com 85 ou mais anos j\u00e1 se encontram vacinadas e 74,25% contra a gripe.<\/p>\n","protected":false},"excerpt":{"rendered":"Mais de um milh\u00e3o de pessoas j\u00e1 foram vacinadas contra a Covid-19 desde o in\u00edcio da campanha sazonal,&hellip;\n","protected":false},"author":2,"featured_media":148829,"comment_status":"","ping_status":"","sticky":false,"template":"","format":"standard","meta":{"footnotes":""},"categories":[86],"tags":[9731,3708,1418,116,57,32,33,2946,6824,117,58,2782],"class_list":{"0":"post-148828","1":"post","2":"type-post","3":"status-publish","4":"format-standard","5":"has-post-thumbnail","7":"category-saude","8":"tag-coronavu00edrus","9":"tag-dgs","10":"tag-gripe","11":"tag-health","12":"tag-pau00eds","13":"tag-portugal","14":"tag-pt","15":"tag-sau00fade","16":"tag-sau00fade-pu00fablica","17":"tag-saude","18":"tag-sociedade","19":"tag-vacinas"},"share_on_mastodon":{"url":"https:\/\/pubeurope.com\/@pt\/115534434643757808","error":""},"_links":{"self":[{"href":"https:\/\/www.europesays.com\/pt\/wp-json\/wp\/v2\/posts\/148828","targetHints":{"allow":["GET"]}}],"collection":[{"href":"https:\/\/www.europesays.com\/pt\/wp-json\/wp\/v2\/posts"}],"about":[{"href":"https:\/\/www.europesays.com\/pt\/wp-json\/wp\/v2\/types\/post"}],"author":[{"embeddable":true,"href":"https:\/\/www.europesays.com\/pt\/wp-json\/wp\/v2\/users\/2"}],"replies":[{"embeddable":true,"href":"https:\/\/www.europesays.com\/pt\/wp-json\/wp\/v2\/comments?post=148828"}],"version-history":[{"count":0,"href":"https:\/\/www.europesays.com\/pt\/wp-json\/wp\/v2\/posts\/148828\/revisions"}],"wp:featuredmedia":[{"embeddable":true,"href":"https:\/\/www.europesays.com\/pt\/wp-json\/wp\/v2\/media\/148829"}],"wp:attachment":[{"href":"https:\/\/www.europesays.com\/pt\/wp-json\/wp\/v2\/media?parent=148828"}],"wp:term":[{"taxonomy":"category","embeddable":true,"href":"https:\/\/www.europesays.com\/pt\/wp-json\/wp\/v2\/categories?post=148828"},{"taxonomy":"post_tag","embeddable":true,"href":"https:\/\/www.europesays.com\/pt\/wp-json\/wp\/v2\/tags?post=148828"}],"curies":[{"name":"wp","href":"https:\/\/api.w.org\/{rel}","templated":true}]}}