{"id":148851,"date":"2025-11-12T03:15:11","date_gmt":"2025-11-12T03:15:11","guid":{"rendered":"https:\/\/www.europesays.com\/pt\/148851\/"},"modified":"2025-11-12T03:15:11","modified_gmt":"2025-11-12T03:15:11","slug":"documentario-sobre-sao-lazaro-da-voz-a-moradores-apos-conflito-com-ufba","status":"publish","type":"post","link":"https:\/\/www.europesays.com\/pt\/148851\/","title":{"rendered":"Document\u00e1rio sobre S\u00e3o L\u00e1zaro d\u00e1 voz a moradores ap\u00f3s conflito com Ufba"},"content":{"rendered":"<p>HIST\u00d3RIA<\/p>\n<p>Feito pelos membros da comunidade, filme sobre a regi\u00e3o mostrar\u00e1 hist\u00f3rias de moradores e de locais marcantes de S\u00e3o L\u00e1zaro; produ\u00e7\u00e3o est\u00e1 na fase inicial<\/p>\n<ul class=\"image-container flex flex-wrap list-none gap-2\">\n<li class=\"image-item flex flex-row justify-center items-center\">\n<p><img decoding=\"async\" src=\"https:\/\/www.europesays.com\/pt\/wp-content\/uploads\/2025\/11\/raquel-brito-2028122.jpg\" width=\"45px\" height=\"45px\" alt=\"Foto do(a) author(a) Maria Raquel Brito\" class=\"relative w-full z-20\"\/><\/p>\n<\/li>\n<\/ul>\n<p>\nPublicado em 11 de novembro de 2025 \u00e0s 21:50\n<\/p>\n<p><img fetchpriority=\"high\" decoding=\"async\" loading=\"eager\" src=\"https:\/\/www.europesays.com\/pt\/wp-content\/uploads\/2025\/11\/nesta-quarta-12-tem-inicio-as-gravacoes-de-um-documentario-que-tera-como-foco-a-comunidade-de-sao-la.webp\" width=\"1200\" height=\"900\" alt=\"Nesta quarta (12), t\u00eam in\u00edcio as grava\u00e7\u00f5es de um document\u00e1rio que ter\u00e1 como foco a comunidade de S\u00e3o L\u00e1zaro\" class=\"w-full h-auto\"\/><\/p>\n<p>Document\u00e1rio ter\u00e1 como foco a comunidade de S\u00e3o L\u00e1zaro Cr\u00e9dito: Maria Raquel Brito\/CORREIO<\/p>\n<p id=\"paragrafo-wqdowff57o\">\nA comunidade de S\u00e3o L\u00e1zaro produzir\u00e1 um document\u00e1rio sobre a hist\u00f3ria da regi\u00e3o e de seus moradores. O filme come\u00e7a a ser pensado ap\u00f3s um per\u00edodo marcado por tens\u00e3o para quem vive no bairro: a amea\u00e7a de serem despejados ap\u00f3s uma ordem de reintegra\u00e7\u00e3o de posse do terreno ser emitida pela Universidade Federal da Bahia (Ufba), que det\u00e9m aquele espa\u00e7o.  &gt;\n<\/p>\n<p id=\"paragrafo-8l4ziundac\">\nA produ\u00e7\u00e3o est\u00e1 na fase inicial, no desenvolvimento do roteiro. De acordo com Caroline Santos, de 27 anos, moradora da regi\u00e3o, o filme ser\u00e1 feito com a inten\u00e7\u00e3o de desmanchar a imagem negativa que vem sendo espalhada sobre a comunidade atrav\u00e9s do processo. &gt;\n<\/p>\n<p>Justi\u00e7a suspendeu reintegra\u00e7\u00e3o de posse de terreno da Ufba em S\u00e3o L\u00e1zaro nesta ter\u00e7a (11) por Maria Raquel Brito\/CORREIO<\/p>\n<p id=\"paragrafo-rb00m4zpmm\">\n&#8220;A ideia principal, fundamental do document\u00e1rio \u00e9 contar a hist\u00f3ria de S\u00e3o L\u00e1zaro, descriminalizar a regi\u00e3o e humanizar essas pessoas que est\u00e3o sendo desumanizadas nesse processo. O foco principal \u00e9 esse. E isso a gente vai trabalhar utilizando algumas ferramentas, como a conta\u00e7\u00e3o de hist\u00f3ria de cada morador, de sua forma individual, de suas trajet\u00f3rias, dos bares, da igreja de S\u00e3o L\u00e1zaro&#8221;, diz.  &gt;\n<\/p>\n<p id=\"paragrafo-lz3jwq96n9\">\nO document\u00e1rio ser\u00e1 gravado por um grupo de pessoas pretas e perif\u00e9ricas formandas do projeto Cri.Ativos da Favela, que se solidarizaram com a causa de S\u00e3o L\u00e1zaro. Al\u00e9m disso, ter\u00e1 apoio de grava\u00e7\u00e3o, t\u00e9cnico e cultural, de equipes como o grupo de pesquisa GeografAR e o coletivo Em Cantos de S\u00e3o L\u00e1zaro.&gt;\n<\/p>\n<p id=\"paragrafo-vjn6tqmfa8\">\n\u201cA gente vai contar a hist\u00f3ria da comunidade. A comunidade existe h\u00e1 muitos anos. Estamos falando de d\u00e9cadas das nossas vidas. Mas, antes disso, j\u00e1 existia morador. O santu\u00e1rio Santu\u00e1rio de S\u00e3o L\u00e1zaro e S\u00e3o Roque existe desde 1700. Em volta desse santu\u00e1rio sem d\u00favidas tinha moradias. Vamos falar da hist\u00f3ria e falar da luta\u201d, afirma Caroline.&gt;\n<\/p>\n<p id=\"paragrafo-funxe93oy8\">\nDepois de um m\u00eas de expectativa pela decis\u00e3o que determinaria se os moradores teriam ou n\u00e3o que deixar suas casas, ela finalmente veio. A ordem de reintegra\u00e7\u00e3o de posse do terreno da Ufba foi suspensa pela Justi\u00e7a na tarde desta ter\u00e7a-feira (11), a dois dias do prazo final para a ordem de despejo ser cumprida. A suspens\u00e3o vale por 180 dias, per\u00edodo em que a comiss\u00e3o formada por sete representantes da universidade e sete ocupantes da \u00e1rea deve negociar.&gt;\n<\/p>\n<p id=\"paragrafo-wzxfwjluy2\">\nNo dia 13 de outubro, viaturas de agentes da Pol\u00edcia Federal, que acompanhavam uma oficial de justi\u00e7a, entregaram a 14 fam\u00edlias de S\u00e3o L\u00e1zaro um documento que exige a reintegra\u00e7\u00e3o de posse do terreno que seria parte da Universidade Federal da Bahia (Ufba).&gt;\n<\/p>\n<p id=\"paragrafo-tbg98zasld\">\n\u201cEles deram 30 dias para a defesa da gente. Se a gente n\u00e3o fizer, v\u00e3o vir aqui com as m\u00e1quinas. Eles alegam que a invas\u00e3o \u00e9 de 2023 para c\u00e1, quando \u00e9 uma inverdade. S\u00f3 eu tenho 51 anos aqui e tem pessoas que s\u00e3o herdeiros de seus av\u00f3s, com cerca de 70 anos que chegaram\u201d, disse, na ocasi\u00e3o, o vendedor Luiz Fernando Souza, 67, que mora na localidade h\u00e1 51 anos.&gt;\n<\/p>\n<p id=\"paragrafo-lbluqihn82\">\nAs 14 fam\u00edlias ficam em uma \u00e1rea espec\u00edfica &#8211; como se fosse o fim de um quarteir\u00e3o &#8211; \u00e0s margens da Igreja de S\u00e3o L\u00e1zaro. Engloba um per\u00edmetro que, al\u00e9m de casas, tem bares tradicionais, inclusive os que promovem o Samba de S\u00e3o L\u00e1zaro h\u00e1 tr\u00eas anos. A \u00e1rea da igreja n\u00e3o \u00e9 afetada pela decis\u00e3o judicial.&gt;\n<\/p>\n<p id=\"paragrafo-bsd9utw3p9\">\n\u201cA gente recebeu essa bomba que ningu\u00e9m esperava. Nunca notificaram a gente, nunca vieram aqui conversar, nem nada\u201d, afirmou o morador Thiago da Silva, na \u00e9poca. Segundo Thiago, os policiais federais informaram que h\u00e1 um prazo de 30 dias para que a comunidade apresente uma defesa. Se n\u00e3o houvesse defesa, teriam que sair do local e poderiam ter que pagar at\u00e9 pelos custos dos equipamentos usados na demoli\u00e7\u00e3o. A abordagem dos agentes durante a opera\u00e7\u00e3o tamb\u00e9m foi criticada pelos moradores. &gt;<\/p>\n","protected":false},"excerpt":{"rendered":"HIST\u00d3RIA Feito pelos membros da comunidade, filme sobre a regi\u00e3o mostrar\u00e1 hist\u00f3rias de moradores e de locais marcantes&hellip;\n","protected":false},"author":2,"featured_media":148852,"comment_status":"","ping_status":"","sticky":false,"template":"","format":"standard","meta":{"footnotes":""},"categories":[140],"tags":[114,115,147,148,146,32,33],"class_list":{"0":"post-148851","1":"post","2":"type-post","3":"status-publish","4":"format-standard","5":"has-post-thumbnail","7":"category-filmes","8":"tag-entertainment","9":"tag-entretenimento","10":"tag-film","11":"tag-filmes","12":"tag-movies","13":"tag-portugal","14":"tag-pt"},"share_on_mastodon":{"url":"https:\/\/pubeurope.com\/@pt\/115534556482370096","error":""},"_links":{"self":[{"href":"https:\/\/www.europesays.com\/pt\/wp-json\/wp\/v2\/posts\/148851","targetHints":{"allow":["GET"]}}],"collection":[{"href":"https:\/\/www.europesays.com\/pt\/wp-json\/wp\/v2\/posts"}],"about":[{"href":"https:\/\/www.europesays.com\/pt\/wp-json\/wp\/v2\/types\/post"}],"author":[{"embeddable":true,"href":"https:\/\/www.europesays.com\/pt\/wp-json\/wp\/v2\/users\/2"}],"replies":[{"embeddable":true,"href":"https:\/\/www.europesays.com\/pt\/wp-json\/wp\/v2\/comments?post=148851"}],"version-history":[{"count":0,"href":"https:\/\/www.europesays.com\/pt\/wp-json\/wp\/v2\/posts\/148851\/revisions"}],"wp:featuredmedia":[{"embeddable":true,"href":"https:\/\/www.europesays.com\/pt\/wp-json\/wp\/v2\/media\/148852"}],"wp:attachment":[{"href":"https:\/\/www.europesays.com\/pt\/wp-json\/wp\/v2\/media?parent=148851"}],"wp:term":[{"taxonomy":"category","embeddable":true,"href":"https:\/\/www.europesays.com\/pt\/wp-json\/wp\/v2\/categories?post=148851"},{"taxonomy":"post_tag","embeddable":true,"href":"https:\/\/www.europesays.com\/pt\/wp-json\/wp\/v2\/tags?post=148851"}],"curies":[{"name":"wp","href":"https:\/\/api.w.org\/{rel}","templated":true}]}}