{"id":148858,"date":"2025-11-12T03:30:11","date_gmt":"2025-11-12T03:30:11","guid":{"rendered":"https:\/\/www.europesays.com\/pt\/148858\/"},"modified":"2025-11-12T03:30:11","modified_gmt":"2025-11-12T03:30:11","slug":"toy-story-5-ganha-o-primeiro-trailer-veja-video-11-11-2025-ilustrada","status":"publish","type":"post","link":"https:\/\/www.europesays.com\/pt\/148858\/","title":{"rendered":"&#8216;Toy Story 5&#8217; ganha o primeiro trailer; veja v\u00eddeo &#8211; 11\/11\/2025 &#8211; Ilustrada"},"content":{"rendered":"<p>O primeiro trailer de <a href=\"https:\/\/www1.folha.uol.com.br\/ilustrada\/2019\/06\/toy-story-chega-ao-quarto-filme-com-mensagem-de-igualdade.shtml\" rel=\"nofollow noopener\" target=\"\">&#8220;Toy Story 5&#8221;<\/a> foi divulgado nesta ter\u00e7a-feira (11). O v\u00eddeo adianta um dos principais temas do pr\u00f3ximo filme da franquia, ou seja, o medo dos brinquedos de perderem espa\u00e7o para a tecnologia.<\/p>\n<p>No trailer, Bonnie recebe um pacote misterioso, o que provoca apreens\u00e3o no grupo liderado por Woody e Buzz. Ao abri-lo, a crian\u00e7a revela um objeto chamado Lilypad , tablet infantil com o qual os brinquedos ter\u00e3o que disputar a aten\u00e7\u00e3o da jovem. Ao longo do v\u00eddeo, vemos a pergunta &#8220;Ser\u00e1 que a era dos brinquedos chegou ao fim?&#8221; se formar na tela.<\/p>\n<p>Dirigido por Andrew Stanton e Kenna Harris, o longa deve abordar assuntos contempor\u00e2neos, como o uso da intelig\u00eancia artificial. A previs\u00e3o \u00e9 que o filme chegue aos cinemas em junho de 2026.<\/p>\n<p>Lan\u00e7ado em 1995, o filme que deu origem \u00e0 franquia foi o primeiro longa-metragem da <a href=\"http:\/\/m.folha.uol.com.br\/ilustrada\/2015\/06\/1645196-teoria-aponta-que-desenhos-da-pixar-estao-todos-conectados-descubra.shtml?mobile\" rel=\"nofollow noopener\" target=\"_blank\">Pixar<\/a> e tamb\u00e9m o primeiro longa digitalmente animado, marco hist\u00f3rico da tecnologia de CGI (&#8220;computer-generated imagery&#8221;, imagens geradas por computador) que hoje \u00e9 aplicada em diversos longas, curtas e filmes comerciais.<\/p>\n<p>Aclamado pela cr\u00edtica e bem-sucedido nas bilheterias, &#8220;Toy Story&#8221; conquistou fama suficiente para ganhar uma sequ\u00eancia em 1999 e outra em 2010. O <a href=\"http:\/\/m.folha.uol.com.br\/ilustrada\/2015\/05\/1631496-toy-story-4-abrira-um-novo-capitulo-no-universo-da-franquia-diz-chefao-da-pixar.shtml?mobile\" rel=\"nofollow noopener\" target=\"_blank\">quarto filme<\/a> foi lan\u00e7ado em 2019.<\/p>\n","protected":false},"excerpt":{"rendered":"O primeiro trailer de &#8220;Toy Story 5&#8221; foi divulgado nesta ter\u00e7a-feira (11). O v\u00eddeo adianta um dos principais&hellip;\n","protected":false},"author":2,"featured_media":148859,"comment_status":"","ping_status":"","sticky":false,"template":"","format":"standard","meta":{"footnotes":""},"categories":[140],"tags":[1579,114,115,147,148,236,146,11381,32,33,15142],"class_list":{"0":"post-148858","1":"post","2":"type-post","3":"status-publish","4":"format-standard","5":"has-post-thumbnail","7":"category-filmes","8":"tag-disney","9":"tag-entertainment","10":"tag-entretenimento","11":"tag-film","12":"tag-filmes","13":"tag-folha","14":"tag-movies","15":"tag-pixar","16":"tag-portugal","17":"tag-pt","18":"tag-toy-story"},"share_on_mastodon":{"url":"https:\/\/pubeurope.com\/@pt\/115534615207588237","error":""},"_links":{"self":[{"href":"https:\/\/www.europesays.com\/pt\/wp-json\/wp\/v2\/posts\/148858","targetHints":{"allow":["GET"]}}],"collection":[{"href":"https:\/\/www.europesays.com\/pt\/wp-json\/wp\/v2\/posts"}],"about":[{"href":"https:\/\/www.europesays.com\/pt\/wp-json\/wp\/v2\/types\/post"}],"author":[{"embeddable":true,"href":"https:\/\/www.europesays.com\/pt\/wp-json\/wp\/v2\/users\/2"}],"replies":[{"embeddable":true,"href":"https:\/\/www.europesays.com\/pt\/wp-json\/wp\/v2\/comments?post=148858"}],"version-history":[{"count":0,"href":"https:\/\/www.europesays.com\/pt\/wp-json\/wp\/v2\/posts\/148858\/revisions"}],"wp:featuredmedia":[{"embeddable":true,"href":"https:\/\/www.europesays.com\/pt\/wp-json\/wp\/v2\/media\/148859"}],"wp:attachment":[{"href":"https:\/\/www.europesays.com\/pt\/wp-json\/wp\/v2\/media?parent=148858"}],"wp:term":[{"taxonomy":"category","embeddable":true,"href":"https:\/\/www.europesays.com\/pt\/wp-json\/wp\/v2\/categories?post=148858"},{"taxonomy":"post_tag","embeddable":true,"href":"https:\/\/www.europesays.com\/pt\/wp-json\/wp\/v2\/tags?post=148858"}],"curies":[{"name":"wp","href":"https:\/\/api.w.org\/{rel}","templated":true}]}}