{"id":148866,"date":"2025-11-12T03:43:03","date_gmt":"2025-11-12T03:43:03","guid":{"rendered":"https:\/\/www.europesays.com\/pt\/148866\/"},"modified":"2025-11-12T03:43:03","modified_gmt":"2025-11-12T03:43:03","slug":"nao-mereces-uma-unica-palavra-es-muito-baixo-liliana-e-pedro-pegam-se-em-forte-discussao-secret-story","status":"publish","type":"post","link":"https:\/\/www.europesays.com\/pt\/148866\/","title":{"rendered":"\u00abN\u00e3o mereces uma \u00fanica palavra. \u00c9s muito baixo\u00bb: Liliana e Pedro pegam-se em forte discuss\u00e3o &#8211; Secret Story"},"content":{"rendered":"<p style=\"margin-bottom:11px\">No Secret Story 9, Liliana e Pedro envolveram-se numa discuss\u00e3o acesa, marcada por rancores do passado. Pedro acusou Liliana de falar mal dele pelas costas, e ela rapidamente se defendeu e garantiu que o mesmo acontece consigo. O clima aqueceu e ambos trocaram acusa\u00e7\u00f5es intensas.<\/p>\n<p><strong>Veja tamb\u00e9m:\u00a0<a href=\"https:\/\/tvi.iol.pt\/secretstory\/inscricoes\/casa-dos-segredos\/e-destemido-e-adora-misterios-inscreva-se-aqui-no-proximo-secret-story\" wbo-id=\"32\" rel=\"nofollow noopener\" target=\"_blank\">\u00c9 destemido e adora mist\u00e9rios? Inscreva-se aqui no pr\u00f3ximo Secret Story<\/a><\/strong><\/p>\n<p><strong><a href=\"https:\/\/tvi.iol.pt\/secretstory\/aominuto\" wbo-id=\"33\" rel=\"nofollow noopener\" target=\"_blank\">Acompanhe tudo o que se passa na casa mais vigiada do Pa\u00eds<\/a><\/strong><\/p>\n","protected":false},"excerpt":{"rendered":"No Secret Story 9, Liliana e Pedro envolveram-se numa discuss\u00e3o acesa, marcada por rancores do passado. Pedro acusou&hellip;\n","protected":false},"author":2,"featured_media":148867,"comment_status":"","ping_status":"","sticky":false,"template":"","format":"standard","meta":{"footnotes":""},"categories":[142],"tags":[19725,114,115,19033,19016,19034,14646,32,33,151,19032],"class_list":{"0":"post-148866","1":"post","2":"type-post","3":"status-publish","4":"format-standard","5":"has-post-thumbnail","7":"category-tv","8":"tag-ana-cristina","9":"tag-entertainment","10":"tag-entretenimento","11":"tag-galas-em-video","12":"tag-liliana","13":"tag-melhores-momentos-casa-dos-segredos","14":"tag-pedro","15":"tag-portugal","16":"tag-pt","17":"tag-tv","18":"tag-videos-secret-story-tvi"},"share_on_mastodon":{"url":"https:\/\/pubeurope.com\/@pt\/115534666321909216","error":""},"_links":{"self":[{"href":"https:\/\/www.europesays.com\/pt\/wp-json\/wp\/v2\/posts\/148866","targetHints":{"allow":["GET"]}}],"collection":[{"href":"https:\/\/www.europesays.com\/pt\/wp-json\/wp\/v2\/posts"}],"about":[{"href":"https:\/\/www.europesays.com\/pt\/wp-json\/wp\/v2\/types\/post"}],"author":[{"embeddable":true,"href":"https:\/\/www.europesays.com\/pt\/wp-json\/wp\/v2\/users\/2"}],"replies":[{"embeddable":true,"href":"https:\/\/www.europesays.com\/pt\/wp-json\/wp\/v2\/comments?post=148866"}],"version-history":[{"count":0,"href":"https:\/\/www.europesays.com\/pt\/wp-json\/wp\/v2\/posts\/148866\/revisions"}],"wp:featuredmedia":[{"embeddable":true,"href":"https:\/\/www.europesays.com\/pt\/wp-json\/wp\/v2\/media\/148867"}],"wp:attachment":[{"href":"https:\/\/www.europesays.com\/pt\/wp-json\/wp\/v2\/media?parent=148866"}],"wp:term":[{"taxonomy":"category","embeddable":true,"href":"https:\/\/www.europesays.com\/pt\/wp-json\/wp\/v2\/categories?post=148866"},{"taxonomy":"post_tag","embeddable":true,"href":"https:\/\/www.europesays.com\/pt\/wp-json\/wp\/v2\/tags?post=148866"}],"curies":[{"name":"wp","href":"https:\/\/api.w.org\/{rel}","templated":true}]}}