{"id":148873,"date":"2025-11-12T03:54:14","date_gmt":"2025-11-12T03:54:14","guid":{"rendered":"https:\/\/www.europesays.com\/pt\/148873\/"},"modified":"2025-11-12T03:54:14","modified_gmt":"2025-11-12T03:54:14","slug":"filha-cacula-de-zeze-di-camargo-esbanja-fofura-no-especial-do-pai-no-sbt","status":"publish","type":"post","link":"https:\/\/www.europesays.com\/pt\/148873\/","title":{"rendered":"Filha ca\u00e7ula de Zez\u00e9 Di Camargo esbanja fofura no especial do pai no SBT"},"content":{"rendered":"<p>Na noite desta ter\u00e7a-feira, 11, o cantor <a href=\"https:\/\/caras.com.br\/tags\/zeze-di-camargo\" rel=\"nofollow noopener\" target=\"_blank\"><strong>Zez\u00e9 Di Camargo<\/strong><\/a> reuniu amigos e familiares para a grava\u00e7\u00e3o do seu programa especial de final de ano no SBT. O evento aconteceu na sede da emissora na Grande S\u00e3o Paulo e contou com a presen\u00e7a da filha ca\u00e7ula dele, <strong>Clara<\/strong>, e da esposa, <a href=\"https:\/\/caras.com.br\/tags\/graciele-lacerda\" rel=\"nofollow noopener\" target=\"_blank\"><strong>Graciele Lacerda<\/strong><\/a>.<\/p>\n<p>Graciele chegou ao evento com a filha no colo. A beb\u00ea de quase 1 ano de vida surgiu com um vestido vermelho e esbanjou fofura ao mostrar sua simpatia para os fot\u00f3grafos de plant\u00e3o.<\/p>\n<p>Por sua vez, a m\u00e3e coruja exibiu sua eleg\u00e2ncia ao aparecer com um vestido longo com decote profundo e muito brilho.<\/p>\n<p> <img loading=\"lazy\" decoding=\"async\" class=\"wp-image-1029869 size-full img-fluid lazy\" alt=\"Clara e Graciele Lacerda - Foto: Will Dias \/ Brazil News\" width=\"2048\" height=\"1369\" src=\"https:\/\/www.europesays.com\/pt\/wp-content\/uploads\/2025\/11\/clara-e-graciele-lacerda-3.jpg\"  \/>Clara e Graciele Lacerda \u2013 Foto: Will Dias \/ Brazil News <img loading=\"lazy\" decoding=\"async\" class=\"wp-image-1029868 size-full img-fluid lazy\" alt=\"Clara e Graciele Lacerda - Foto: Will Dias \/ Brazil News\" width=\"2048\" height=\"1369\" src=\"https:\/\/www.europesays.com\/pt\/wp-content\/uploads\/2025\/11\/clara-e-graciele-lacerda-2.jpg\"  \/>Clara e Graciele Lacerda \u2013 Foto: Will Dias \/ Brazil News <img loading=\"lazy\" decoding=\"async\" class=\"wp-image-1029871 size-full img-fluid lazy\" alt=\"Clara e Graciele Lacerda - Foto: Will Dias \/ Brazil News\" width=\"1369\" height=\"2048\" src=\"https:\/\/www.europesays.com\/pt\/wp-content\/uploads\/2025\/11\/clara-e-graciele-lacerda.jpg\"  \/>Clara e Graciele Lacerda \u2013 Foto: Will Dias \/ Brazil News <img loading=\"lazy\" decoding=\"async\" class=\"wp-image-1029870 size-full img-fluid lazy\" alt=\"Graciele Lacerda - Foto: Will Dias \/ Brazil News\" width=\"1369\" height=\"2048\" src=\"https:\/\/www.europesays.com\/pt\/wp-content\/uploads\/2025\/11\/clara-e-graciele-lacerda-4.jpg\"  \/>Graciele Lacerda \u2013 Foto: Will Dias \/ Brazil News <img loading=\"lazy\" decoding=\"async\" class=\"wp-image-1029876 size-full img-fluid lazy\" alt=\"Zez\u00e9 Di Camargo e Clara - Foto: Reprodu\u00e7\u00e3o \/ Instagram\" width=\"766\" height=\"1368\" src=\"https:\/\/www.europesays.com\/pt\/wp-content\/uploads\/2025\/11\/zeze-di-camargo-clara.jpg\"  \/>Zez\u00e9 Di Camargo e Clara \u2013 Foto: Reprodu\u00e7\u00e3o \/ Instagram <img loading=\"lazy\" decoding=\"async\" class=\"wp-image-1029875 size-full img-fluid lazy\" alt=\"Zez\u00e9 Di Camargo, Clara e Graciele Lacerda - Foto: Reprodu\u00e7\u00e3o \/ Instagram\" width=\"774\" height=\"1374\" src=\"https:\/\/www.europesays.com\/pt\/wp-content\/uploads\/2025\/11\/zeze-di-camargo-clara-.jpg\"  \/>Zez\u00e9 Di Camargo, Clara e Graciele Lacerda \u2013 Foto: Reprodu\u00e7\u00e3o \/ Instagram O amor de Zez\u00e9 Di Camargo e Graciele Lacerda <\/p>\n<p>O relacionamento de Zez\u00e9 Di Camargo e Graciele Lacerda sempre esteve sob os holofotes, marcado por uma uni\u00e3o de mais de uma d\u00e9cada que superou os desafios da vida a dois.<\/p>\n<p>Zez\u00e9 e Graciele iniciaram o relacionamento ap\u00f3s o fim do casamento do cantor com Zilu God\u00f3i. Ela j\u00e1 revelou que o casal enfrentou momentos de grande dificuldade, com press\u00f5es externas e at\u00e9 tentativas de separa\u00e7\u00e3o. Em uma declara\u00e7\u00e3o emocionante, a influenciadora afirmou que, apesar de terem pensado em desistir, a persist\u00eancia no amor foi a chave. O di\u00e1logo, a compreens\u00e3o e a f\u00e9 foram citados como pilares essenciais para o fortalecimento do v\u00ednculo ao longo dos tempo, resultando na \u201cpaz no cora\u00e7\u00e3o\u201d que colhem hoje.<\/p>\n<p>Em agosto de 2024, Zez\u00e9 Di Camargo surpreendeu a noiva, Graciele, com um casamento organizado logo ap\u00f3s o ch\u00e1 revela\u00e7\u00e3o da filha. O casal, que j\u00e1 estava noivo desde 2021, celebrou a uni\u00e3o de maneira emocionante, com Graciele se casando gr\u00e1vida.<\/p>\n<p>Um dos cap\u00edtulos mais aguardados e celebrados do casal foi a chegada da primeira filha em comum, Clara Lacerda Camargo, que nasceu no dia 25 de dezembro de 2024. A gravidez veio ap\u00f3s um longo e desgastante tratamento de Fertiliza\u00e7\u00e3o In Vitro (FIV).<\/p>\n<p><strong>Leia tamb\u00e9m<\/strong>: <a href=\"https:\/\/caras.com.br\/musica\/zeze-di-camargo-reflete-sobre-a-evolucao-do-sertanejo-a-essencia-permanece.phtml\" rel=\"nofollow noopener\" target=\"_blank\">Zez\u00e9 Di Camargo reflete sobre a evolu\u00e7\u00e3o do sertanejo: \u2018A ess\u00eancia permanece\u2019<\/a><\/p>\n<p>        <a href=\"https:\/\/caras.com.br\/autor\/priscilla-comoti\" rel=\"nofollow noopener\" target=\"_blank\">&#13;<br \/>\n          <img alt=\"Priscilla Comoti\" src=\"https:\/\/www.europesays.com\/pt\/wp-content\/uploads\/2025\/11\/1762919654_879_e53883bdf02c542f6517b68879e8cb08b27a1d55c4dfd53577e47d3ab6331a06\"  class=\"avatar avatar-115 photo rounded-circle mr-3\" height=\"115\" width=\"115\" loading=\"lazy\" decoding=\"async\"\/>        <\/a><\/p>\n<p>Priscilla Comoti \u00e9 editora de conte\u00fado do site CARAS. Ela \u00e9 formada em jornalismo e em audiovisual, j\u00e1 passou pelos sites Contigo!, Minha Novela, TiTiTi, Mais Novela e Portal M\u00e1rcia Piovesan. Escreve sobre celebridades, not\u00edcias sobre a fam\u00edlia real brit\u00e2nica, TV, reality show e novelas.<\/p>\n","protected":false},"excerpt":{"rendered":"Na noite desta ter\u00e7a-feira, 11, o cantor Zez\u00e9 Di Camargo reuniu amigos e familiares para a grava\u00e7\u00e3o do&hellip;\n","protected":false},"author":2,"featured_media":148874,"comment_status":"","ping_status":"","sticky":false,"template":"","format":"standard","meta":{"footnotes":""},"categories":[145],"tags":[211,210,7882,114,115,7883,32,33,12930],"class_list":{"0":"post-148873","1":"post","2":"type-post","3":"status-publish","4":"format-standard","5":"has-post-thumbnail","7":"category-celebridades","8":"tag-celebridades","9":"tag-celebrities","10":"tag-clara","11":"tag-entertainment","12":"tag-entretenimento","13":"tag-graciele-lacerda","14":"tag-portugal","15":"tag-pt","16":"tag-zeze-di-camargo"},"share_on_mastodon":{"url":"https:\/\/pubeurope.com\/@pt\/115534709821145124","error":""},"_links":{"self":[{"href":"https:\/\/www.europesays.com\/pt\/wp-json\/wp\/v2\/posts\/148873","targetHints":{"allow":["GET"]}}],"collection":[{"href":"https:\/\/www.europesays.com\/pt\/wp-json\/wp\/v2\/posts"}],"about":[{"href":"https:\/\/www.europesays.com\/pt\/wp-json\/wp\/v2\/types\/post"}],"author":[{"embeddable":true,"href":"https:\/\/www.europesays.com\/pt\/wp-json\/wp\/v2\/users\/2"}],"replies":[{"embeddable":true,"href":"https:\/\/www.europesays.com\/pt\/wp-json\/wp\/v2\/comments?post=148873"}],"version-history":[{"count":0,"href":"https:\/\/www.europesays.com\/pt\/wp-json\/wp\/v2\/posts\/148873\/revisions"}],"wp:featuredmedia":[{"embeddable":true,"href":"https:\/\/www.europesays.com\/pt\/wp-json\/wp\/v2\/media\/148874"}],"wp:attachment":[{"href":"https:\/\/www.europesays.com\/pt\/wp-json\/wp\/v2\/media?parent=148873"}],"wp:term":[{"taxonomy":"category","embeddable":true,"href":"https:\/\/www.europesays.com\/pt\/wp-json\/wp\/v2\/categories?post=148873"},{"taxonomy":"post_tag","embeddable":true,"href":"https:\/\/www.europesays.com\/pt\/wp-json\/wp\/v2\/tags?post=148873"}],"curies":[{"name":"wp","href":"https:\/\/api.w.org\/{rel}","templated":true}]}}