{"id":148876,"date":"2025-11-12T03:59:09","date_gmt":"2025-11-12T03:59:09","guid":{"rendered":"https:\/\/www.europesays.com\/pt\/148876\/"},"modified":"2025-11-12T03:59:09","modified_gmt":"2025-11-12T03:59:09","slug":"top-1-em-71-paises-quatro-meses-depois-de-estrear-nos-cinemas-esta-ficcao-cientifica-destronou-lilo-stitch-no-streaming-noticias-de-cinema","status":"publish","type":"post","link":"https:\/\/www.europesays.com\/pt\/148876\/","title":{"rendered":"Top 1 em 71 pa\u00edses: Quatro meses depois de estrear nos cinemas, esta fic\u00e7\u00e3o cient\u00edfica destronou Lilo &#038; Stitch no streaming &#8211; Not\u00edcias de cinema"},"content":{"rendered":"<p>Este filme do Universo Cinematogr\u00e1fico Marvel n\u00e3o foi o sucesso que se esperava no cinema, mas est\u00e1 bombando no streaming.<\/p>\n<p class=\"bo-p\">Se voc\u00ea \u00e9 f\u00e3 de super-her\u00f3is, agora pode assistir <a href=\"https:\/\/www.adorocinema.com\/filmes\/filme-226116\/\" class=\"bo-link\" rel=\"nofollow noopener\" target=\"_blank\">Quarteto Fant\u00e1stico: Primeiros Passos<\/a> no streaming, filme que apresentou a equipe no Universo Cinematogr\u00e1fico Marvel com <a href=\"https:\/\/www.adorocinema.com\/personalidades\/personalidade-213564\/\" class=\"bo-link\" rel=\"nofollow noopener\" target=\"_blank\">Pedro Pascal<\/a>, <a href=\"https:\/\/www.adorocinema.com\/personalidades\/personalidade-535366\/\" class=\"bo-link\" rel=\"nofollow noopener\" target=\"_blank\">Vanessa Kirby<\/a>, <a href=\"https:\/\/www.adorocinema.com\/personalidades\/personalidade-802430\/\" class=\"bo-link\" rel=\"nofollow noopener\" target=\"_blank\">Joseph Quinn<\/a> e <a href=\"https:\/\/www.adorocinema.com\/personalidades\/personalidade-106604\/\" class=\"bo-link\" rel=\"nofollow noopener\" target=\"_blank\">Ebon Moss-Bachrach<\/a>.<\/p>\n<p class=\"bo-p\">Quarteto Fant\u00e1stico: Primeiros Passos chegou fazendo sucesso no <a href=\"https:\/\/www.adorocinema.com\/streaming\/disney\/\" class=\"bo-link\" rel=\"nofollow noopener\" target=\"_blank\">cat\u00e1logo do Disney+<\/a>. De acordo com o FlixPatrol, o filme est\u00e1 na primeira posi\u00e7\u00e3o em 71 pa\u00edses \u2013 incluindo Brasil \u2013 e destronou o live-action de <a href=\"https:\/\/www.adorocinema.com\/filmes\/filme-268362\/\" class=\"bo-link\" rel=\"nofollow noopener\" target=\"_blank\">Lilo &amp; Stitch<\/a> como o filme mais assistido no streaming.<\/p>\n<p class=\"bo-p\">Com or\u00e7amento de US$ 200 milh\u00f5es, o filme chegou aos cinemas brasileiros em 24 de julho e teve um desempenho considerado decepcionante de bilheteria, arrecadando US$ 521,9 milh\u00f5es mundialmente. Agora voc\u00ea pode assistir Quarteto Fant\u00e1stico: Primeiros Passos e todas <a href=\"https:\/\/www.adorocinema.com\/noticias\/filmes\/noticia-143707\/\" class=\"bo-link\" rel=\"nofollow noopener\" target=\"_blank\">produ\u00e7\u00f5es do Universo Cinematogr\u00e1fico Marvel<\/a> no Disney+.<\/p>\n<p>Qual \u00e9 a hist\u00f3ria de Quarteto Fant\u00e1stico: Primeiros Passos? Ap\u00f3s passar pelo cinema, voc\u00ea j\u00e1 pode assistir o filme da Marvel no streaming<\/p>\n<p>                                <img loading=\"lazy\" decoding=\"async\" class=\"article-figure-img\" src=\"https:\/\/www.europesays.com\/pt\/wp-content\/uploads\/2025\/11\/3cee8745ff7cf9f1a7c1e221c1c83bbe.jpg\" width=\"640\" height=\"320\" alt=\"\"\/><\/p>\n<p>                                    Marvel Studios \/ Disney<\/p>\n<p class=\"bo-p\">Em Quarteto Fant\u00e1stico: Primeiros Passos, a fam\u00edlia de super-her\u00f3is formada por Reed Richards\/Sr. Fant\u00e1stico (Pedro Pascal), Sue Storm\/Mulher Invis\u00edvel (Vanessa Kirby), Johnny Storm\/Tocha Humana (Joseph Quinn) e Ben Grimm\/O Coisa (Ebon Moss-Bachrach) precisam enfrentar seu maior desafio at\u00e9 agora e defender a Terra da poderosa entidade c\u00f3smica Galactus (<a href=\"https:\/\/www.adorocinema.com\/personalidades\/personalidade-26090\/\" class=\"bo-link\" rel=\"nofollow noopener\" target=\"_blank\">Ralph Ineson<\/a>) e seu enigm\u00e1tico Arauto, a Surfista Prateada (<a href=\"https:\/\/www.adorocinema.com\/personalidades\/personalidade-552776\/\" class=\"bo-link\" rel=\"nofollow noopener\" target=\"_blank\">Julia Garner<\/a>), que tem o plano de devorar o planeta inteiro e seus habitantes.<\/p>\n<p class=\"bo-p\">Na <a href=\"https:\/\/www.adorocinema.com\/filmes\/filme-226116\/criticas-adorocinema\/\" class=\"bo-link\" rel=\"nofollow noopener\" target=\"_blank\">cr\u00edtica 4 estrelas do AdoroCinema<\/a>, Kati\u00fascia Vianna escreve: &#8220;Liderando um filme carism\u00e1tico, Pedro Pascal, Vanessa Kirby, Joseph Quinn e Ebon Moss-Bachrach nos deliciam com uma hist\u00f3ria que pode parecer simples, por\u00e9m debate quest\u00f5es sobre \u00e9tica, amor e humanidade. Se voc\u00ea ainda tem espa\u00e7o no seu cora\u00e7\u00e3o para abra\u00e7ar alguns clich\u00eas, esses personagens t\u00eam o potencial de se tornarem grandes \u00eddolos do Universo Cinematogr\u00e1fico Marvel&#8221;. Entre os nossos usu\u00e1rios, <a href=\"https:\/\/www.adorocinema.com\/filmes\/filme-226116\/criticas\/espectadores\/\" class=\"bo-link\" rel=\"nofollow noopener\" target=\"_blank\">o filme tem avalia\u00e7\u00e3o de 4,1 estrelas<\/a>.<\/p>\n","protected":false},"excerpt":{"rendered":"Este filme do Universo Cinematogr\u00e1fico Marvel n\u00e3o foi o sucesso que se esperava no cinema, mas est\u00e1 bombando&hellip;\n","protected":false},"author":2,"featured_media":148877,"comment_status":"","ping_status":"","sticky":false,"template":"","format":"standard","meta":{"footnotes":""},"categories":[140],"tags":[114,115,147,148,146,32,33],"class_list":{"0":"post-148876","1":"post","2":"type-post","3":"status-publish","4":"format-standard","5":"has-post-thumbnail","7":"category-filmes","8":"tag-entertainment","9":"tag-entretenimento","10":"tag-film","11":"tag-filmes","12":"tag-movies","13":"tag-portugal","14":"tag-pt"},"share_on_mastodon":{"url":"https:\/\/pubeurope.com\/@pt\/115534729780696769","error":""},"_links":{"self":[{"href":"https:\/\/www.europesays.com\/pt\/wp-json\/wp\/v2\/posts\/148876","targetHints":{"allow":["GET"]}}],"collection":[{"href":"https:\/\/www.europesays.com\/pt\/wp-json\/wp\/v2\/posts"}],"about":[{"href":"https:\/\/www.europesays.com\/pt\/wp-json\/wp\/v2\/types\/post"}],"author":[{"embeddable":true,"href":"https:\/\/www.europesays.com\/pt\/wp-json\/wp\/v2\/users\/2"}],"replies":[{"embeddable":true,"href":"https:\/\/www.europesays.com\/pt\/wp-json\/wp\/v2\/comments?post=148876"}],"version-history":[{"count":0,"href":"https:\/\/www.europesays.com\/pt\/wp-json\/wp\/v2\/posts\/148876\/revisions"}],"wp:featuredmedia":[{"embeddable":true,"href":"https:\/\/www.europesays.com\/pt\/wp-json\/wp\/v2\/media\/148877"}],"wp:attachment":[{"href":"https:\/\/www.europesays.com\/pt\/wp-json\/wp\/v2\/media?parent=148876"}],"wp:term":[{"taxonomy":"category","embeddable":true,"href":"https:\/\/www.europesays.com\/pt\/wp-json\/wp\/v2\/categories?post=148876"},{"taxonomy":"post_tag","embeddable":true,"href":"https:\/\/www.europesays.com\/pt\/wp-json\/wp\/v2\/tags?post=148876"}],"curies":[{"name":"wp","href":"https:\/\/api.w.org\/{rel}","templated":true}]}}