{"id":148879,"date":"2025-11-12T04:01:26","date_gmt":"2025-11-12T04:01:26","guid":{"rendered":"https:\/\/www.europesays.com\/pt\/148879\/"},"modified":"2025-11-12T04:01:26","modified_gmt":"2025-11-12T04:01:26","slug":"liga-contra-cancro-lamenta-impasse-nos-rastreios-a-cancro-do-pulmao-estomago-e-prostata","status":"publish","type":"post","link":"https:\/\/www.europesays.com\/pt\/148879\/","title":{"rendered":"Liga Contra Cancro lamenta impasse nos rastreios a cancro do pulm\u00e3o, est\u00f4mago e pr\u00f3stata"},"content":{"rendered":"<p>A Liga Portuguesa Contra o Cancro (LPCC) lamentou esta ter\u00e7a-feira que rastreios como o do pulm\u00e3o, est\u00f4mago e pr\u00f3stata, &#8220;perfeitamente consagrados a n\u00edvel europeu&#8221;, continuem num impasse em Portugal, tema que ser\u00e1 discutido nesta sexta-feira e s\u00e1bado, num congresso, no Porto.\n<\/p>\n<p>&#8220;Em Portugal h\u00e1 mais de tr\u00eas anos que se avan\u00e7a e recua, mais se recua. O que est\u00e1 em causa \u00e9 a preven\u00e7\u00e3o, e a preven\u00e7\u00e3o \u00e9 extremamente importante. <strong>Na preven\u00e7\u00e3o est\u00e1 a base de tudo na doen\u00e7a oncol\u00f3gica. E, com preven\u00e7\u00e3o, o Estado gasta muito menos&#8221;<\/strong>, disse o presidente da LPCC, V\u00edtor Veloso.\n<\/p>\n<p><a target=\"_blank\" href=\"https:\/\/www.whatsapp.com\/channel\/0029Va9ZehDFi8xUl5Fhb93q\" rel=\"nofollow noopener\"><strong>J\u00e1 segue a Informa\u00e7\u00e3o da Renascen\u00e7a no WhatsApp? \u00c9 s\u00f3 clicar aqui.<\/strong><\/a><\/p>\n<p>Em declara\u00e7\u00f5es \u00e0 ag\u00eancia Lusa, nas v\u00e9speras do 6.\u00ba Congresso Nacional de Preven\u00e7\u00e3o Oncol\u00f3gica e Direitos dos Doentes organizado pela LPCC que decorre na sexta-feira e s\u00e1bado na Funda\u00e7\u00e3o Cupertino de Miranda, no Porto, V\u00edtor Veloso prometeu &#8220;continuar a cruzada&#8221; num tema que &#8220;parece viver um impasse&#8221;.\n<\/p>\n<p>&#8220;H\u00e1 projetos-piloto que ainda est\u00e3o por implementar. S\u00f3 o do cancro do pulm\u00e3o est\u00e1 implementado, mas nem sequer est\u00e1 em funcionamento. E temos outros, nomeadamente, do cancro g\u00e1strico e do cancro da pr\u00f3stata que at\u00e9 o momento n\u00e3o tivemos qualquer ideia de que seja iniciado&#8221;, disse.\n<\/p>\n<p>Exigindo que <strong>Portugal &#8220;passe da teoria \u00e0 pr\u00e1tica&#8221; na defesa dos direitos dos doentes oncol\u00f3gicos<\/strong>, o presidente da Liga disse que &#8220;estes projetos est\u00e3o perfeitamente consagrados a n\u00edvel europeu&#8221;. &#8220;N\u00e3o estamos a pedir nada de extraordin\u00e1rio nem nada de esquisito&#8221;, sublinhou.\n<\/p>\n<p>Em abril, a prop\u00f3sito do Dia Europeu dos Direitos dos Doentes, a LPCC real\u00e7ou que <strong>2024 terminou com mais de 8.600 doentes oncol\u00f3gicos \u00e0 espera da primeira consulta<\/strong>, sendo que quase 80% j\u00e1 tinham ultrapassado o tempo de espera recomendado.\n<\/p>\n<p>&#8220;O cancro n\u00e3o espera&#8221;<\/p>\n<p>J\u00e1, citando dados divulgados pela Entidade Reguladora da Sa\u00fade, a Liga refere, no convite para o congresso, que entre janeiro e junho de 2025, foram realizadas 19.014 primeiras consultas oncol\u00f3gicas nos hospitais p\u00fablicos, um aumento de atividade de 6,9% face ao mesmo per\u00edodo de 2024.\n<\/p>\n<p>&#8220;No entanto, <strong>57,9% dos doentes esperaram al\u00e9m dos prazos legais definidos para o seu n\u00edvel de prioridade&#8221;<\/strong>, acrescenta.\n<\/p>\n<p>\u00c0 Lusa, V\u00edtor Veloso repetiu a mensagem de que &#8220;no cancro, \u00e9 extremamente importante que os tempos m\u00e1ximos de espera sejam garantidos para o ganho&#8221; porque <strong>&#8220;o cancro n\u00e3o espera&#8221;.<\/strong>\n<\/p>\n<p>&#8220;O cancro e, sobretudo, determinados tipos de cancro, avan\u00e7am rapidamente e se excederem os tempos m\u00e1ximos de espera, o que acontece \u00e9 que, muitas vezes, um cancro pequeno inicial transforma-se num cancro grave e, consequentemente, aquilo que poderia ser uma cura \u00e9 uma sobreviv\u00eancia m\u00e1 ou uma morte&#8221;, frisou V\u00edtor Veloso.\n<\/p>\n<p>No convite para o congresso, a LPCC acrescenta que &#8220;apesar da legisla\u00e7\u00e3o prever diversos apoios e benef\u00edcios estipulados, a sua aplica\u00e7\u00e3o pr\u00e1tica tarda e \u00e9 sujeita a interpreta\u00e7\u00f5es que dificultam o acesso dos doentes a esses direitos fundamentais&#8221;.\n<\/p>\n<p><strong>Em 2020, 2,7 milh\u00f5es de pessoas na Uni\u00e3o Europeia foram diagnosticadas com cancro<\/strong> e mais 1,3 milh\u00f5es de pessoas perderam a vida, incluindo mais de dois mil jovens.\n<\/p>\n<p>&#8220;Da\u00ed a urg\u00eancia da implementa\u00e7\u00e3o dos rastreios emergentes. Se n\u00e3o tomarmos medidas decisivas agora, os casos de cancro dever\u00e3o aumentar 24 % at\u00e9 2035, tornando-o <strong>a principal causa de morte na Uni\u00e3o Europeia&#8221;<\/strong>, vinca a Liga.\n<\/p>\n<p>O 6.\u00ba Congresso Nacional de Preven\u00e7\u00e3o Oncol\u00f3gica e Direitos dos Doentes decorrer\u00e1, em simult\u00e2neo, com o Encontro Anual da Association of European Cancer Leagues (ECL), organiza\u00e7\u00e3o europeia que re\u00fane v\u00e1rias associa\u00e7\u00f5es cong\u00eaneres \u00e0 LPCC.\n<\/p>\n<p>A iniciativa \u00e9 dirigida a doentes oncol\u00f3gicos, profissionais de sa\u00fade, cuidadores formais e informais, e \u00e0 comunidade em geral.<\/p>\n","protected":false},"excerpt":{"rendered":"A Liga Portuguesa Contra o Cancro (LPCC) lamentou esta ter\u00e7a-feira que rastreios como o do pulm\u00e3o, est\u00f4mago e&hellip;\n","protected":false},"author":2,"featured_media":148880,"comment_status":"","ping_status":"","sticky":false,"template":"","format":"standard","meta":{"footnotes":""},"categories":[86],"tags":[116,32,33,117],"class_list":{"0":"post-148879","1":"post","2":"type-post","3":"status-publish","4":"format-standard","5":"has-post-thumbnail","7":"category-saude","8":"tag-health","9":"tag-portugal","10":"tag-pt","11":"tag-saude"},"share_on_mastodon":{"url":"https:\/\/pubeurope.com\/@pt\/115534737141592318","error":""},"_links":{"self":[{"href":"https:\/\/www.europesays.com\/pt\/wp-json\/wp\/v2\/posts\/148879","targetHints":{"allow":["GET"]}}],"collection":[{"href":"https:\/\/www.europesays.com\/pt\/wp-json\/wp\/v2\/posts"}],"about":[{"href":"https:\/\/www.europesays.com\/pt\/wp-json\/wp\/v2\/types\/post"}],"author":[{"embeddable":true,"href":"https:\/\/www.europesays.com\/pt\/wp-json\/wp\/v2\/users\/2"}],"replies":[{"embeddable":true,"href":"https:\/\/www.europesays.com\/pt\/wp-json\/wp\/v2\/comments?post=148879"}],"version-history":[{"count":0,"href":"https:\/\/www.europesays.com\/pt\/wp-json\/wp\/v2\/posts\/148879\/revisions"}],"wp:featuredmedia":[{"embeddable":true,"href":"https:\/\/www.europesays.com\/pt\/wp-json\/wp\/v2\/media\/148880"}],"wp:attachment":[{"href":"https:\/\/www.europesays.com\/pt\/wp-json\/wp\/v2\/media?parent=148879"}],"wp:term":[{"taxonomy":"category","embeddable":true,"href":"https:\/\/www.europesays.com\/pt\/wp-json\/wp\/v2\/categories?post=148879"},{"taxonomy":"post_tag","embeddable":true,"href":"https:\/\/www.europesays.com\/pt\/wp-json\/wp\/v2\/tags?post=148879"}],"curies":[{"name":"wp","href":"https:\/\/api.w.org\/{rel}","templated":true}]}}