{"id":148881,"date":"2025-11-12T04:08:30","date_gmt":"2025-11-12T04:08:30","guid":{"rendered":"https:\/\/www.europesays.com\/pt\/148881\/"},"modified":"2025-11-12T04:08:30","modified_gmt":"2025-11-12T04:08:30","slug":"so-gosta-da-outra-filha","status":"publish","type":"post","link":"https:\/\/www.europesays.com\/pt\/148881\/","title":{"rendered":"S\u00f3 gosta da outra filha"},"content":{"rendered":"<p><strong><a href=\"https:\/\/www.folhavitoria.com.br\/tag\/narcisa-tamborindeguy\/\" target=\"_blank\" rel=\"noreferrer noopener nofollow\">Narcisa Tamborindeguy<\/a><\/strong> fez cr\u00edticas ao ex-marido, <strong><a href=\"https:\/\/www.folhavitoria.com.br\/tag\/boninho\/\" target=\"_blank\" rel=\"noreferrer noopener nofollow\">Boninho<\/a><\/strong>, durante entrevista ao programa da influenciadora Blogueirinha nesta segunda-feira, 10. A socialite afirmou que o diretor de televis\u00e3o n\u00e3o teria uma rela\u00e7\u00e3o pr\u00f3xima com a filha deles, Marianna, de 38 anos, e o classificou como um \u201cp\u00e9ssimo pai\u201d.<\/p>\n<p>Segundo Narcisa, situa\u00e7\u00f5es recentes refor\u00e7ariam esse distanciamento, como a aus\u00eancia do ex-marido quando Marianna foi aceita para estudar em uma das universidades mais conceituadas do Reino Unido. <\/p>\n<blockquote>\n<p>Ele n\u00e3o \u00e9 um bom pai para ela. O carro dela quebrou e ele foi incapaz de trocar o carro da menina. Deixou ela sem carro. [\u2026] N\u00e3o fez homenagem quando ela entrou para a Kings College University, nem ligou.<\/p>\n<p>Narcisa Tamborindeguy<\/p><\/blockquote>\n<p>\u201cEle \u00e9 um p\u00e9ssimo pai, pai ausente, que n\u00e3o d\u00e1 amor para ela. Ele s\u00f3 gosta da outra filha, da Isabella\u201d, continuou, mencionando a ca\u00e7ula dele, de 18 anos, do casamento do diretor com a apresentadora <strong><a href=\"https:\/\/www.folhavitoria.com.br\/tag\/ana-furtado\/\" target=\"_blank\" rel=\"noreferrer noopener nofollow\">Ana Furtado<\/a><\/strong>. Boninho tamb\u00e9m \u00e9 pai de Pedro Oliveira, 30 anos, de uma rela\u00e7\u00e3o anterior com K\u00e1tia D\u2019\u00c1vila.<\/p>\n<p><img loading=\"lazy\" decoding=\"async\" width=\"1320\" height=\"768\" src=\"data:image\/svg+xml,%3Csvg%20xmlns=\" http:=\"\" alt=\"\" class=\"wp-image-7701735\" data-lazy- data-lazy- data-lazy-src=\"https:\/\/www.europesays.com\/pt\/wp-content\/uploads\/2025\/11\/Narcisa-Boninho.jpg\"\/>Narcisa e Boninho foram casados entre 1983 e 1986 (Foto: Reprodu\u00e7\u00e3o\/Instagram\/@narcisat\/@jbboninho)<\/p>\n<p>Durante a entrevista, Narcisa se irritou quando o assunto avan\u00e7ou para a rela\u00e7\u00e3o pessoal entre os dois. A socialite afirmou que nunca manteve um bom v\u00ednculo com o ex-marido e encerrou o tema. \u201cN\u00e3o gosto e nunca gostei. Chega, acabou\u201d, disse.<\/p>\n<p>Narcisa e Boninho foram casados entre 1983 e 1986. Marianna \u00e9 a \u00fanica filha da uni\u00e3o. A socialite tamb\u00e9m \u00e9 m\u00e3e de Catharina, fruto da rela\u00e7\u00e3o com o empres\u00e1rio Carlos Bier Gerdau Johannpeter.<\/p>\n<p>At\u00e9 o momento, o diretor n\u00e3o se manifestou publicamente sobre as declara\u00e7\u00f5es. O <b>Estad\u00e3o<\/b> entrou em contato com a assessoria dele, mas n\u00e3o obteve retorno. O espa\u00e7o segue aberto para posicionamento.<\/p>\n","protected":false},"excerpt":{"rendered":"Narcisa Tamborindeguy fez cr\u00edticas ao ex-marido, Boninho, durante entrevista ao programa da influenciadora Blogueirinha nesta segunda-feira, 10. A&hellip;\n","protected":false},"author":2,"featured_media":148882,"comment_status":"","ping_status":"","sticky":false,"template":"","format":"standard","meta":{"footnotes":""},"categories":[145],"tags":[15285,211,210,114,115,32270,1038,32,33],"class_list":{"0":"post-148881","1":"post","2":"type-post","3":"status-publish","4":"format-standard","5":"has-post-thumbnail","7":"category-celebridades","8":"tag-boninho","9":"tag-celebridades","10":"tag-celebrities","11":"tag-entertainment","12":"tag-entretenimento","13":"tag-narcisa-tamborindeguy","14":"tag-paternidade","15":"tag-portugal","16":"tag-pt"},"share_on_mastodon":{"url":"https:\/\/pubeurope.com\/@pt\/115534764620511260","error":""},"_links":{"self":[{"href":"https:\/\/www.europesays.com\/pt\/wp-json\/wp\/v2\/posts\/148881","targetHints":{"allow":["GET"]}}],"collection":[{"href":"https:\/\/www.europesays.com\/pt\/wp-json\/wp\/v2\/posts"}],"about":[{"href":"https:\/\/www.europesays.com\/pt\/wp-json\/wp\/v2\/types\/post"}],"author":[{"embeddable":true,"href":"https:\/\/www.europesays.com\/pt\/wp-json\/wp\/v2\/users\/2"}],"replies":[{"embeddable":true,"href":"https:\/\/www.europesays.com\/pt\/wp-json\/wp\/v2\/comments?post=148881"}],"version-history":[{"count":0,"href":"https:\/\/www.europesays.com\/pt\/wp-json\/wp\/v2\/posts\/148881\/revisions"}],"wp:featuredmedia":[{"embeddable":true,"href":"https:\/\/www.europesays.com\/pt\/wp-json\/wp\/v2\/media\/148882"}],"wp:attachment":[{"href":"https:\/\/www.europesays.com\/pt\/wp-json\/wp\/v2\/media?parent=148881"}],"wp:term":[{"taxonomy":"category","embeddable":true,"href":"https:\/\/www.europesays.com\/pt\/wp-json\/wp\/v2\/categories?post=148881"},{"taxonomy":"post_tag","embeddable":true,"href":"https:\/\/www.europesays.com\/pt\/wp-json\/wp\/v2\/tags?post=148881"}],"curies":[{"name":"wp","href":"https:\/\/api.w.org\/{rel}","templated":true}]}}