{"id":148885,"date":"2025-11-12T04:14:22","date_gmt":"2025-11-12T04:14:22","guid":{"rendered":"https:\/\/www.europesays.com\/pt\/148885\/"},"modified":"2025-11-12T04:14:22","modified_gmt":"2025-11-12T04:14:22","slug":"pedro-proenca-reuniu-se-sexta-feira-com-os-representantes-dos-arbitros","status":"publish","type":"post","link":"https:\/\/www.europesays.com\/pt\/148885\/","title":{"rendered":"Pedro Proen\u00e7a reuniu-se sexta-feira com os representantes dos \u00e1rbitros"},"content":{"rendered":"<p style=\"margin-bottom:11px\">A Dire\u00e7\u00e3o da Associa\u00e7\u00e3o Portuguesa de \u00c1rbitros de Futebol (APAF), representada pelo presidente Jos\u00e9 Borges e o vice-presidente Nuno Silva, foi recebida na sexta-feira, com car\u00e1cter de urg\u00eancia, pelo presidente da Federa\u00e7\u00e3o Portuguesa de Futebol, Pedro Proen\u00e7a, para discutir o ambiente que se vive no futebol profissional.<\/p>\n<p style=\"margin-bottom:11px\">As conclus\u00f5es da reuni\u00e3o j\u00e1 tinham, de resto, <strong><a href=\"https:\/\/maisfutebol.iol.pt\/futebol\/federacao-portuguesa-de-futebol\/pedro-proenca-reforca-apelo-a-tranquilidade-apos-reuniao-com-apaf\" rel=\"nofollow noopener\" target=\"_blank\">sido comunicadas por Pedro Proen\u00e7a, logo na sexta-feira<\/a><\/strong>.<\/p>\n<p>A APAF, no entanto, apenas emitiu um comunicado sobre o encontro nesta segunda-feira, o que lan\u00e7ou alguma confus\u00e3o. Segundo a associa\u00e7\u00e3o de \u00e1rbitros, \u00abem cima da mesa esteve a discuss\u00e3o do ambiente vivido atualmente no futebol profissional em Portugal, com o aumento do n\u00famero de epis\u00f3dios de press\u00e3o sobre os \u00e1rbitros, assim como o aumento do sentimento de impunidade existente em quem tem responsabilidades no futebol portugu\u00eas &#8211; mas que continua a optar por um discurso atentat\u00f3rio da dignidade dos \u00e1rbitros\u00bb.<\/p>\n<p style=\"margin-bottom:11px\">Na mesma reuni\u00e3o tamb\u00e9m marcaram presen\u00e7a Luciano Gon\u00e7alves, presidente do Conselho de Arbitragem da FPF, e Rui Caeiro, Diretor da FPF.<\/p>\n","protected":false},"excerpt":{"rendered":"A Dire\u00e7\u00e3o da Associa\u00e7\u00e3o Portuguesa de \u00c1rbitros de Futebol (APAF), representada pelo presidente Jos\u00e9 Borges e o vice-presidente&hellip;\n","protected":false},"author":2,"featured_media":148886,"comment_status":"","ping_status":"","sticky":false,"template":"","format":"standard","meta":{"footnotes":""},"categories":[87],"tags":[21583,3266,12416,135,285,32519,36,32376,46,32520,5561,32,33,47,32521,134],"class_list":{"0":"post-148885","1":"post","2":"type-post","3":"status-publish","4":"format-standard","5":"has-post-thumbnail","7":"category-desporto","8":"tag-apaf","9":"tag-arbitragem","10":"tag-arbitros","11":"tag-desporto","12":"tag-fpf","13":"tag-jose-borges","14":"tag-liga","15":"tag-luciano-goncalves","16":"tag-maisfutebol","17":"tag-nuno-silva","18":"tag-pedro-proenca","19":"tag-portugal","20":"tag-pt","21":"tag-pura-paixao","22":"tag-rui-caeiro","23":"tag-sports"},"share_on_mastodon":{"url":"https:\/\/pubeurope.com\/@pt\/115534788431622385","error":""},"_links":{"self":[{"href":"https:\/\/www.europesays.com\/pt\/wp-json\/wp\/v2\/posts\/148885","targetHints":{"allow":["GET"]}}],"collection":[{"href":"https:\/\/www.europesays.com\/pt\/wp-json\/wp\/v2\/posts"}],"about":[{"href":"https:\/\/www.europesays.com\/pt\/wp-json\/wp\/v2\/types\/post"}],"author":[{"embeddable":true,"href":"https:\/\/www.europesays.com\/pt\/wp-json\/wp\/v2\/users\/2"}],"replies":[{"embeddable":true,"href":"https:\/\/www.europesays.com\/pt\/wp-json\/wp\/v2\/comments?post=148885"}],"version-history":[{"count":0,"href":"https:\/\/www.europesays.com\/pt\/wp-json\/wp\/v2\/posts\/148885\/revisions"}],"wp:featuredmedia":[{"embeddable":true,"href":"https:\/\/www.europesays.com\/pt\/wp-json\/wp\/v2\/media\/148886"}],"wp:attachment":[{"href":"https:\/\/www.europesays.com\/pt\/wp-json\/wp\/v2\/media?parent=148885"}],"wp:term":[{"taxonomy":"category","embeddable":true,"href":"https:\/\/www.europesays.com\/pt\/wp-json\/wp\/v2\/categories?post=148885"},{"taxonomy":"post_tag","embeddable":true,"href":"https:\/\/www.europesays.com\/pt\/wp-json\/wp\/v2\/tags?post=148885"}],"curies":[{"name":"wp","href":"https:\/\/api.w.org\/{rel}","templated":true}]}}