{"id":148889,"date":"2025-11-12T04:20:16","date_gmt":"2025-11-12T04:20:16","guid":{"rendered":"https:\/\/www.europesays.com\/pt\/148889\/"},"modified":"2025-11-12T04:20:16","modified_gmt":"2025-11-12T04:20:16","slug":"foco-de-incendio-em-sauna-motiva-evacuacao-de-hotel-na-avenida-dos-aliados","status":"publish","type":"post","link":"https:\/\/www.europesays.com\/pt\/148889\/","title":{"rendered":"Foco de inc\u00eandio em sauna motiva evacua\u00e7\u00e3o de hotel na Avenida dos Aliados"},"content":{"rendered":"<p data-remotead-prev-elm=\"true\" data-remotead-elm-id=\"inread\">Segundo fonte dos Sapadores do Porto, o alerta soou \u00e0s 17.36 horas. Menos de 20 minutos depois, \u00e0s 17.55 horas, os bombeiros procediam \u00e0 ventila\u00e7\u00e3o do espa\u00e7o, um piso inferior do hotel, onde estava localizada a sauna.<\/p>\n<p>Uma pessoa apresentava queixas de inala\u00e7\u00e3o de fumos, estando, cerca das 18.30 horas, a ser avaliada pela equipa pr\u00e9-hospitalar.<\/p>\n<p>\u00c0s 18.30 horas, segundo a mesma fonte, os meios estavam a desmobilizar do local. No total, foram acionados 24 operacionais e sete viaturas.<\/p>\n<p data-remotead-prev-elm=\"true\" data-remotead-elm-id=\"centro1\">O tr\u00e2nsito esteve parcialmente cortado na Avenida dos Aliados, tendo reaberto na totalidade j\u00e1 perto das 19.50 horas.<\/p>\n<p><img decoding=\"async\" class=\"ngx-body\" guid=\"567a7417-b76b-4218-888e-bbd2f77c9b60\" src=\"https:\/\/www.europesays.com\/pt\/wp-content\/uploads\/2025\/11\/1762921216_715_image.jpg\" width=\"100%\"\/>Foto: Amin Chaar<\/p>\n","protected":false},"excerpt":{"rendered":"Segundo fonte dos Sapadores do Porto, o alerta soou \u00e0s 17.36 horas. Menos de 20 minutos depois, \u00e0s&hellip;\n","protected":false},"author":2,"featured_media":148890,"comment_status":"","ping_status":"","sticky":false,"template":"","format":"standard","meta":{"footnotes":""},"categories":[10],"tags":[32522,27,28,20018,15,16,14,625,25,26,21,22,12,13,19,20,32,23,24,33,17,18,29,30,31],"class_list":{"0":"post-148889","1":"post","2":"type-post","3":"status-publish","4":"format-standard","5":"has-post-thumbnail","7":"category-portugal","8":"tag-avenida-dos-aliados","9":"tag-breaking-news","10":"tag-breakingnews","11":"tag-concelho-porto","12":"tag-featured-news","13":"tag-featurednews","14":"tag-headlines","15":"tag-incendio","16":"tag-latest-news","17":"tag-latestnews","18":"tag-main-news","19":"tag-mainnews","20":"tag-news","21":"tag-noticias","22":"tag-noticias-principais","23":"tag-noticiasprincipais","24":"tag-portugal","25":"tag-principais-noticias","26":"tag-principaisnoticias","27":"tag-pt","28":"tag-top-stories","29":"tag-topstories","30":"tag-ultimas","31":"tag-ultimas-noticias","32":"tag-ultimasnoticias"},"share_on_mastodon":{"url":"https:\/\/pubeurope.com\/@pt\/115534811974902967","error":""},"_links":{"self":[{"href":"https:\/\/www.europesays.com\/pt\/wp-json\/wp\/v2\/posts\/148889","targetHints":{"allow":["GET"]}}],"collection":[{"href":"https:\/\/www.europesays.com\/pt\/wp-json\/wp\/v2\/posts"}],"about":[{"href":"https:\/\/www.europesays.com\/pt\/wp-json\/wp\/v2\/types\/post"}],"author":[{"embeddable":true,"href":"https:\/\/www.europesays.com\/pt\/wp-json\/wp\/v2\/users\/2"}],"replies":[{"embeddable":true,"href":"https:\/\/www.europesays.com\/pt\/wp-json\/wp\/v2\/comments?post=148889"}],"version-history":[{"count":0,"href":"https:\/\/www.europesays.com\/pt\/wp-json\/wp\/v2\/posts\/148889\/revisions"}],"wp:featuredmedia":[{"embeddable":true,"href":"https:\/\/www.europesays.com\/pt\/wp-json\/wp\/v2\/media\/148890"}],"wp:attachment":[{"href":"https:\/\/www.europesays.com\/pt\/wp-json\/wp\/v2\/media?parent=148889"}],"wp:term":[{"taxonomy":"category","embeddable":true,"href":"https:\/\/www.europesays.com\/pt\/wp-json\/wp\/v2\/categories?post=148889"},{"taxonomy":"post_tag","embeddable":true,"href":"https:\/\/www.europesays.com\/pt\/wp-json\/wp\/v2\/tags?post=148889"}],"curies":[{"name":"wp","href":"https:\/\/api.w.org\/{rel}","templated":true}]}}