{"id":148893,"date":"2025-11-12T04:25:12","date_gmt":"2025-11-12T04:25:12","guid":{"rendered":"https:\/\/www.europesays.com\/pt\/148893\/"},"modified":"2025-11-12T04:25:12","modified_gmt":"2025-11-12T04:25:12","slug":"as-imagens-exclusivas-do-quarto-secreto-de-ana-e-fabio-e-o-sinal-de-consentimento-que-deixou-liliana-em-brasa","status":"publish","type":"post","link":"https:\/\/www.europesays.com\/pt\/148893\/","title":{"rendered":"As imagens exclusivas do quarto secreto de Ana e F\u00e1bio e o &#8220;sinal de consentimento&#8221; que deixou Liliana em brasa"},"content":{"rendered":"<p>No quarto secreto do Secret Story, para quebrar o gelo, a Voz prop\u00f5e v\u00e1rios desafios a F\u00e1bio e Ana. Depois de darem morangos \u00e0 boca um do outro e de F\u00e1bio fazer um cafun\u00e9 a Ana, passa uma m\u00fasica para os dois. Na casa, assim que se apercebe do que est\u00e1 a ouvir, Pedro n\u00e3o perde tempo em alertar Liliana que, por sua vez, tenta ouvir o que se passa do outro lado da parede. No quarto rosa, o clima entre In\u00eas e Dylan aquece e ouve-se a Voz a pedir para fazerem \u201co sinal de consentimento&#8221;. Liliana ouve na cozinha e fica em choque\u2026<\/p>\n","protected":false},"excerpt":{"rendered":"No quarto secreto do Secret Story, para quebrar o gelo, a Voz prop\u00f5e v\u00e1rios desafios a F\u00e1bio e&hellip;\n","protected":false},"author":2,"featured_media":148894,"comment_status":"","ping_status":"","sticky":false,"template":"","format":"standard","meta":{"footnotes":""},"categories":[142],"tags":[6340,114,115,19082,32,33,151],"class_list":{"0":"post-148893","1":"post","2":"type-post","3":"status-publish","4":"format-standard","5":"has-post-thumbnail","7":"category-tv","8":"tag-ana","9":"tag-entertainment","10":"tag-entretenimento","11":"tag-fabio","12":"tag-portugal","13":"tag-pt","14":"tag-tv"},"share_on_mastodon":{"url":"https:\/\/pubeurope.com\/@pt\/115534831481795826","error":""},"_links":{"self":[{"href":"https:\/\/www.europesays.com\/pt\/wp-json\/wp\/v2\/posts\/148893","targetHints":{"allow":["GET"]}}],"collection":[{"href":"https:\/\/www.europesays.com\/pt\/wp-json\/wp\/v2\/posts"}],"about":[{"href":"https:\/\/www.europesays.com\/pt\/wp-json\/wp\/v2\/types\/post"}],"author":[{"embeddable":true,"href":"https:\/\/www.europesays.com\/pt\/wp-json\/wp\/v2\/users\/2"}],"replies":[{"embeddable":true,"href":"https:\/\/www.europesays.com\/pt\/wp-json\/wp\/v2\/comments?post=148893"}],"version-history":[{"count":0,"href":"https:\/\/www.europesays.com\/pt\/wp-json\/wp\/v2\/posts\/148893\/revisions"}],"wp:featuredmedia":[{"embeddable":true,"href":"https:\/\/www.europesays.com\/pt\/wp-json\/wp\/v2\/media\/148894"}],"wp:attachment":[{"href":"https:\/\/www.europesays.com\/pt\/wp-json\/wp\/v2\/media?parent=148893"}],"wp:term":[{"taxonomy":"category","embeddable":true,"href":"https:\/\/www.europesays.com\/pt\/wp-json\/wp\/v2\/categories?post=148893"},{"taxonomy":"post_tag","embeddable":true,"href":"https:\/\/www.europesays.com\/pt\/wp-json\/wp\/v2\/tags?post=148893"}],"curies":[{"name":"wp","href":"https:\/\/api.w.org\/{rel}","templated":true}]}}