{"id":148895,"date":"2025-11-12T04:28:10","date_gmt":"2025-11-12T04:28:10","guid":{"rendered":"https:\/\/www.europesays.com\/pt\/148895\/"},"modified":"2025-11-12T04:28:10","modified_gmt":"2025-11-12T04:28:10","slug":"endrick-vai-ser-emprestado-pelo-real-madrid-e-ser-treinado-por-portugues","status":"publish","type":"post","link":"https:\/\/www.europesays.com\/pt\/148895\/","title":{"rendered":"Endrick vai ser emprestado pelo Real Madrid e ser treinado por portugu\u00eas"},"content":{"rendered":"<p>&#8211; Advertisement &#8211;<\/p>\n<p>Endrick vai ser emprestado pelo Real Madrid ao Lyon de Paulo Fonseca. De acordo com a Globoesporte, o acordo entre os dois clubes est\u00e1 selado e fechado para janeiro.<\/p>\n<p>Realizaram-se esta semana reuni\u00f5es fundamentais entre as partes e o acordo \u00e9 dado como fechado, com documentos oficiais j\u00e1 assinados. Em janeiro, Endrick rumar\u00e1 \u00e0 Ligue 1, num empr\u00e9stimo sem op\u00e7\u00e3o de compra e cuja finalidade \u00e9 colocar mais minutos nas pernas do brasileiro.<\/p>\n<p>At\u00e9 ao momento, o jovem de 19 anos soma apenas 11 minutos num jogo realizado pelo Real Madrid nesta \u00e9poca. Com o Mundial 2026 em perspetiva, a sa\u00edda permitir\u00e1 a Endrick somar minutos, <a href=\"https:\/\/bolanarede.pt\/especial-bola-na-rede\/atualidade\/carlo-ancelotti-avisa-endrick-precisa-de-conversar-com-o-real-madrid-para-descobrir-o-que-e-melhor-para-ele\/\" target=\"_blank\" rel=\"noreferrer noopener nofollow\">como Carlo Ancelotti abordou recentemente. <\/a><\/p>\n<blockquote class=\"twitter-tweet\" data-width=\"550\" data-dnt=\"true\">\n<p lang=\"pt\" dir=\"ltr\">\u26a0\ufe0f Agora!<\/p>\n<p>Neg\u00f3cio fechado: Real Madrid d\u00e1 &#8216;ok&#8217;, e Endrick ser\u00e1 emprestado ao Lyon.<\/p>\n<p>Reuni\u00f5es nesta semana encaminharam o acerto por um empr\u00e9stimo v\u00e1lido de janeiro a junho. Os clubes j\u00e1 trocam minutas de contrato para a assinatura no fim do ano.<\/p>\n<p>As partes j\u00e1 tratam o acordo\u2026 <a href=\"https:\/\/t.co\/cgGSXN99kj\" rel=\"nofollow\">pic.twitter.com\/cgGSXN99kj<\/a><\/p>\n<p>\u2014 Planeta do Futebol \ud83c\udf0e (@futebol_info) <a href=\"https:\/\/twitter.com\/futebol_info\/status\/1988284789200171505?ref_src=twsrc%5Etfw\" rel=\"nofollow noopener\" target=\"_blank\">November 11, 2025<\/a><\/p><\/blockquote>\n<p><script async src=\"https:\/\/platform.twitter.com\/widgets.js\" charset=\"utf-8\"><\/script><\/p>\n","protected":false},"excerpt":{"rendered":"&#8211; Advertisement &#8211; Endrick vai ser emprestado pelo Real Madrid ao Lyon de Paulo Fonseca. De acordo com&hellip;\n","protected":false},"author":2,"featured_media":148896,"comment_status":"","ping_status":"","sticky":false,"template":"","format":"standard","meta":{"footnotes":""},"categories":[87],"tags":[260,135,28606,5705,1767,1530,32,33,2007,134],"class_list":{"0":"post-148895","1":"post","2":"type-post","3":"status-publish","4":"format-standard","5":"has-post-thumbnail","7":"category-desporto","8":"tag-atualidade","9":"tag-desporto","10":"tag-endrick","11":"tag-la-liga","12":"tag-ligue-1","13":"tag-lyon","14":"tag-portugal","15":"tag-pt","16":"tag-real-madrid","17":"tag-sports"},"share_on_mastodon":{"url":"https:\/\/pubeurope.com\/@pt\/115534843902145263","error":""},"_links":{"self":[{"href":"https:\/\/www.europesays.com\/pt\/wp-json\/wp\/v2\/posts\/148895","targetHints":{"allow":["GET"]}}],"collection":[{"href":"https:\/\/www.europesays.com\/pt\/wp-json\/wp\/v2\/posts"}],"about":[{"href":"https:\/\/www.europesays.com\/pt\/wp-json\/wp\/v2\/types\/post"}],"author":[{"embeddable":true,"href":"https:\/\/www.europesays.com\/pt\/wp-json\/wp\/v2\/users\/2"}],"replies":[{"embeddable":true,"href":"https:\/\/www.europesays.com\/pt\/wp-json\/wp\/v2\/comments?post=148895"}],"version-history":[{"count":0,"href":"https:\/\/www.europesays.com\/pt\/wp-json\/wp\/v2\/posts\/148895\/revisions"}],"wp:featuredmedia":[{"embeddable":true,"href":"https:\/\/www.europesays.com\/pt\/wp-json\/wp\/v2\/media\/148896"}],"wp:attachment":[{"href":"https:\/\/www.europesays.com\/pt\/wp-json\/wp\/v2\/media?parent=148895"}],"wp:term":[{"taxonomy":"category","embeddable":true,"href":"https:\/\/www.europesays.com\/pt\/wp-json\/wp\/v2\/categories?post=148895"},{"taxonomy":"post_tag","embeddable":true,"href":"https:\/\/www.europesays.com\/pt\/wp-json\/wp\/v2\/tags?post=148895"}],"curies":[{"name":"wp","href":"https:\/\/api.w.org\/{rel}","templated":true}]}}