{"id":148899,"date":"2025-11-12T04:34:15","date_gmt":"2025-11-12T04:34:15","guid":{"rendered":"https:\/\/www.europesays.com\/pt\/148899\/"},"modified":"2025-11-12T04:34:15","modified_gmt":"2025-11-12T04:34:15","slug":"explicador-qual-o-futuro-do-julgamento-da-operacao-marques-observador","status":"publish","type":"post","link":"https:\/\/www.europesays.com\/pt\/148899\/","title":{"rendered":"Explicador. Qual o futuro do julgamento da Opera\u00e7\u00e3o Marqu\u00eas? &#8211; Observador"},"content":{"rendered":"<ol>\n<li><a href=\"https:\/\/news.google.com\/rss\/articles\/CBMi-AFBVV95cUxNMllmQ3ZJYVEzY3hBNUpFX2J2cHdqM3MxbGZER1R0X3BReDE2bHBUU3FGRkFOejN5SG85V1pGTEpiTFE1eXl3aTdXZnhidXlvOEJHMUxjU3dCbFdVaXBqS05PZjVZSjJyRm40STBHNW1XR290a3VzalF2MU84QWdaU3dUcjVXRVRZMWRGZzA0dl9JWmh1N2VpcnJNVmdHd3hQMl96OGVMSWItOXAySlhNQ29CdDZJbHFCanJvRzhKOTVEYnhZZ2QyUHFsSFhBTmoxbTNmYlBLLU9lMkU5T3puMjlzMGJHeHdTdFlRb0RfeGdJZFFlVGoxaA?oc=5\" target=\"_blank\" rel=\"nofollow noopener\">Explicador. Qual o futuro do julgamento da Opera\u00e7\u00e3o Marqu\u00eas?<\/a>&nbsp;&nbsp;Observador<\/li>\n<li><a href=\"https:\/\/news.google.com\/rss\/articles\/CBMi2AFBVV95cUxQU1k3cEJmN1NtMFRsVEpGOWJRZVJkN3k1azY3NENfYkdGeVFXa0xjYlRndG9XVm9MX3hPTDdFUENIcW96SzZUSFZxamEzZE5OQmJEZElyd3ZuLXkzNzFpUTVtX1VHVXp4Y0NETTVfdE5iUkJvZ1VUMm9KRC00TDlUS3RXNE5BbFpLNHJLbVVvX1BPbGVtVTc5c01yNjZSU3I2NzhYN0VLSXRLVzFLSkw2cXRJc2I3Z1dOcnY2T0MtRC1FWHNHV2w5Q0I0MVVMTDBOS2lvdG9CRlg?oc=5\" target=\"_blank\" rel=\"nofollow noopener\">Opera\u00e7\u00e3o Marqu\u00eas. Ju\u00edza acusa S\u00f3crates de manobras dilat\u00f3rias e anuncia suspens\u00e3o do julgamento at\u00e9 dezembro<\/a>&nbsp;&nbsp;Observador<\/li>\n<li><a href=\"https:\/\/news.google.com\/rss\/articles\/CBMifkFVX3lxTE96YlByWW5xNTZOME9tYW5Zcm8zR09oRGJ6bUZJYVdPdF9QazZaWVg2QXFqbWlYbTZLU1VwdXpQb3BlV25jMHVYS3p2TTZZMGJFTTF0M09SbzRoVEp5aFpKNVp6OERMOUI3alVuR0ZKbFVKNjhNWVN0Z0dVRzRJdw?oc=5\" target=\"_blank\" rel=\"nofollow noopener\">S\u00d3CRATES A CAMINHO DO BRASIL PARA FALAR COM ADVOGADOS<\/a>&nbsp;&nbsp;24horas.pt<\/li>\n<li><a href=\"https:\/\/news.google.com\/rss\/articles\/CBMilgFBVV95cUxPVGM3ZE5XdzFYaUpTd1hNRGh1eUVJVlBzVWhFeVdVRG9QdjcxYURfZzNTaFhET0Z6OE5kRk4xZlRXckJDR0ZEYUVIMWVsSUZtWXFEX1U3MkNjaGNBWXdHU0NHUHZGU3RUV0dlak5vcHhUSXRIcmpRd3h4MzBsQWdpMS1hdWtyTlludjkteWdpbk9iaWR5b2c?oc=5\" target=\"_blank\" rel=\"nofollow noopener\">A novela de S\u00f3crates<\/a>&nbsp;&nbsp;Correio da Manh\u00e3<\/li>\n<li><a href=\"https:\/\/news.google.com\/rss\/articles\/CBMiuwFBVV95cUxQWVBvdXNvY3VjNzkyR3NUaEJxc2dvVnktN2J4MXBBQ3dldzB6NUR4N1R1NjFVNHJYc0piaDNhX1gyMHlMdU9QV2psTG5GOEgzWW1FXzFfMU5XU29rbHYzZjd6cERKbWYzMk16NmczX3IycGxfRlUwRzZzOE1kdXdxczRKTndaYTVwTGRkVEwxZGJHdmFmeGdKbDh6X0dUX2hnVzBzb1lnTTB3STR5UTNBdXVtZkRvaU5tQzhF?oc=5\" target=\"_blank\" rel=\"nofollow noopener\">Bolsa milion\u00e1ria para estudar envelhecimento atribu\u00edda a cientista portuguesa<\/a>&nbsp;&nbsp;RTP<\/li>\n<\/ol>\n","protected":false},"excerpt":{"rendered":"Explicador. Qual o futuro do julgamento da Opera\u00e7\u00e3o Marqu\u00eas?&nbsp;&nbsp;Observador Opera\u00e7\u00e3o Marqu\u00eas. Ju\u00edza acusa S\u00f3crates de manobras dilat\u00f3rias e&hellip;\n","protected":false},"author":2,"featured_media":144952,"comment_status":"","ping_status":"","sticky":false,"template":"","format":"standard","meta":{"footnotes":""},"categories":[10],"tags":[27,28,15,16,14,25,26,21,22,12,13,19,20,32,23,24,33,17,18,29,30,31],"class_list":{"0":"post-148899","1":"post","2":"type-post","3":"status-publish","4":"format-standard","5":"has-post-thumbnail","7":"category-portugal","8":"tag-breaking-news","9":"tag-breakingnews","10":"tag-featured-news","11":"tag-featurednews","12":"tag-headlines","13":"tag-latest-news","14":"tag-latestnews","15":"tag-main-news","16":"tag-mainnews","17":"tag-news","18":"tag-noticias","19":"tag-noticias-principais","20":"tag-noticiasprincipais","21":"tag-portugal","22":"tag-principais-noticias","23":"tag-principaisnoticias","24":"tag-pt","25":"tag-top-stories","26":"tag-topstories","27":"tag-ultimas","28":"tag-ultimas-noticias","29":"tag-ultimasnoticias"},"share_on_mastodon":{"url":"https:\/\/pubeurope.com\/@pt\/115534866895739886","error":""},"_links":{"self":[{"href":"https:\/\/www.europesays.com\/pt\/wp-json\/wp\/v2\/posts\/148899","targetHints":{"allow":["GET"]}}],"collection":[{"href":"https:\/\/www.europesays.com\/pt\/wp-json\/wp\/v2\/posts"}],"about":[{"href":"https:\/\/www.europesays.com\/pt\/wp-json\/wp\/v2\/types\/post"}],"author":[{"embeddable":true,"href":"https:\/\/www.europesays.com\/pt\/wp-json\/wp\/v2\/users\/2"}],"replies":[{"embeddable":true,"href":"https:\/\/www.europesays.com\/pt\/wp-json\/wp\/v2\/comments?post=148899"}],"version-history":[{"count":0,"href":"https:\/\/www.europesays.com\/pt\/wp-json\/wp\/v2\/posts\/148899\/revisions"}],"wp:featuredmedia":[{"embeddable":true,"href":"https:\/\/www.europesays.com\/pt\/wp-json\/wp\/v2\/media\/144952"}],"wp:attachment":[{"href":"https:\/\/www.europesays.com\/pt\/wp-json\/wp\/v2\/media?parent=148899"}],"wp:term":[{"taxonomy":"category","embeddable":true,"href":"https:\/\/www.europesays.com\/pt\/wp-json\/wp\/v2\/categories?post=148899"},{"taxonomy":"post_tag","embeddable":true,"href":"https:\/\/www.europesays.com\/pt\/wp-json\/wp\/v2\/tags?post=148899"}],"curies":[{"name":"wp","href":"https:\/\/api.w.org\/{rel}","templated":true}]}}