{"id":148900,"date":"2025-11-12T04:36:13","date_gmt":"2025-11-12T04:36:13","guid":{"rendered":"https:\/\/www.europesays.com\/pt\/148900\/"},"modified":"2025-11-12T04:36:13","modified_gmt":"2025-11-12T04:36:13","slug":"itapecelondon-adriane-galisteu-compartilha-video-mostrando-perrengue-com-frio-em-a-fazenda-17-record","status":"publish","type":"post","link":"https:\/\/www.europesays.com\/pt\/148900\/","title":{"rendered":"ItapeceLondon? Adriane Galisteu compartilha v\u00eddeo mostrando perrengue com frio em A Fazenda 17 \u2013 Record"},"content":{"rendered":"<p><img decoding=\"async\" data-chromatic=\"ignore\" alt=\"\" class=\"c-image\" loading=\"lazy\" src=\"https:\/\/www.europesays.com\/pt\/wp-content\/uploads\/2025\/11\/BE3GSCSKLRESLPN52PAR23YGAQ.png\"  width=\"677\" height=\"339\"\/>Adriane Galisteu registra friaca em Itapecerica da Serra Reprodu\u00e7\u00e3o\/Instagram <\/p>\n<p class=\"jarvics:base-text-neutral-high-400 base-text-[calc(theme(fontSize.xs)_*_var(--font-size,_1))] base-font-normal base-font-primary base-text-neutral-low-500 base-text-left\">Enquanto a disputa ferve dentro de <a href=\"https:\/\/record.r7.com\/a-fazenda\/a-fazenda-17\/\" rel=\"nofollow noopener\" title=\"https:\/\/record.r7.com\/a-fazenda\/a-fazenda-17\/\" target=\"_blank\"><b>A Fazenda 17<\/b><\/a>, a apresentadora Adriane Galisteu publicou em suas redes sociais as maneiras que encontra para driblar o frio em ItapeceLondon.<\/p>\n<ul class=\"b-article-body__list-unordered\">\n<li><b>Quer ficar por dentro de tudo que est\u00e1 acontecendo em\u00a0<\/b><b>A Fazenda 17<\/b><b>?\u00a0<\/b><a href=\"https:\/\/www.whatsapp.com\/channel\/0029Va2cJIR1noz2ahzX0D1N\" target=\"_blank\" rel=\"noreferrer nofollow noopener\" title=\"https:\/\/www.whatsapp.com\/channel\/0029Va2cJIR1noz2ahzX0D1N\"><b>Clique aqui<\/b><\/a><b>\u00a0e fa\u00e7a parte do nosso canal no WhatsApp!<\/b><\/li>\n<\/ul>\n<p class=\"jarvics:base-text-neutral-high-400 base-text-[calc(theme(fontSize.xs)_*_var(--font-size,_1))] base-font-normal base-font-primary base-text-neutral-low-500 base-text-left\">Na publica\u00e7\u00e3o, a apresentadora brincou com o frio do interior paulista e mostrou os bastidores entre as entradas do programa. Nos v\u00eddeos, Galisteu aparece em frente a um aquecedor, tentando se esquentar enquanto espera o momento de voltar ao ar. <\/p>\n<p class=\"jarvics:base-text-neutral-high-400 base-text-[calc(theme(fontSize.xs)_*_var(--font-size,_1))] base-font-normal base-font-primary base-text-neutral-low-500 base-text-left\">Na noite da \u00faltima segunda (12), os term\u00f4metros chegaram a marcar 11\u00b0C em Itapecerica da Serra. Galisteu desabafou sobre a temperatura gelada no est\u00fadio: \u201cEu n\u00e3o aguento mais esse frio, eu n\u00e3o aguento. N\u00f3s estamos em novembro, gente! Pelo amor de Deus, era para a gente estar suando\u201d.<\/p>\n<p class=\"jarvics:base-text-neutral-high-400 base-text-[calc(theme(fontSize.xs)_*_var(--font-size,_1))] base-font-normal base-font-primary base-text-neutral-low-500 base-text-left\">Em frente ao aquecedor, enquanto o programa acontecia, a apresentadora brincou: \u201cT\u00e1 muito frio, gente! Estou aqui na frente no aquecedor, e olha que essa roupa j\u00e1 \u00e9 quente\u201d, afirmou.<\/p>\n<p class=\"jarvics:base-text-neutral-high-400 base-text-[calc(theme(fontSize.xs)_*_var(--font-size,_1))] base-font-normal base-font-primary base-text-neutral-low-500 base-text-left\">Fique ligado! <a href=\"https:\/\/record.r7.com\/a-fazenda\/a-fazenda-17\/\" rel=\"nofollow noopener\" title=\"https:\/\/record.r7.com\/a-fazenda\/a-fazenda-17\/\" target=\"_blank\"><b>A Fazenda 17<\/b><\/a> vai ao ar de segunda a domingo, \u00e0s 22h30, na tela da <a href=\"https:\/\/record.r7.com\/\" rel=\"nofollow noopener\" target=\"_blank\"><b>RECORD<\/b><\/a>. Assine o <a href=\"https:\/\/www.recordplus.com\/home\" rel=\"nofollow noopener\" title=\"https:\/\/www.recordplus.com\/home\" target=\"_blank\"><b>RecordPlus<\/b><\/a> e tenha acesso \u00e0s c\u00e2meras 24 horas.<\/p>\n<p><b>\u2018Plot twist\u2019! Confira as rea\u00e7\u00f5es e teorias dos pe\u00f5es sobre o Super Paiol de A Fazenda 17<\/b><\/p>\n<p class=\"jarvics:base-text-neutral-high-400 base-text-[calc(theme(fontSize.xxs)_*_var(--font-size,_1))] base-font-semibold base-font-primary base-text-neutral-low-500 base-text-left\">O Super Paiol chegou com tudo para abalar ainda mais as estruturas de A Fazenda 17. Nesta segunda (10), Adriane Galisteu \u201cinvadiu\u201d a sede ao vivo para jogar uma verdadeira bomba na competi\u00e7\u00e3o. Com o an\u00fancio de que quatro pe\u00f5es foram selecionados para encarar a din\u00e2mica in\u00e9dita, os burburinhos sobre o assunto correram soltos pela sede<\/p>\n","protected":false},"excerpt":{"rendered":"Adriane Galisteu registra friaca em Itapecerica da Serra Reprodu\u00e7\u00e3o\/Instagram Enquanto a disputa ferve dentro de A Fazenda 17,&hellip;\n","protected":false},"author":2,"featured_media":148901,"comment_status":"","ping_status":"","sticky":false,"template":"","format":"standard","meta":{"footnotes":""},"categories":[145],"tags":[657,211,210,114,115,32,33],"class_list":{"0":"post-148900","1":"post","2":"type-post","3":"status-publish","4":"format-standard","5":"has-post-thumbnail","7":"category-celebridades","8":"tag-a-fazenda","9":"tag-celebridades","10":"tag-celebrities","11":"tag-entertainment","12":"tag-entretenimento","13":"tag-portugal","14":"tag-pt"},"share_on_mastodon":{"url":"https:\/\/pubeurope.com\/@pt\/115534874949975739","error":""},"_links":{"self":[{"href":"https:\/\/www.europesays.com\/pt\/wp-json\/wp\/v2\/posts\/148900","targetHints":{"allow":["GET"]}}],"collection":[{"href":"https:\/\/www.europesays.com\/pt\/wp-json\/wp\/v2\/posts"}],"about":[{"href":"https:\/\/www.europesays.com\/pt\/wp-json\/wp\/v2\/types\/post"}],"author":[{"embeddable":true,"href":"https:\/\/www.europesays.com\/pt\/wp-json\/wp\/v2\/users\/2"}],"replies":[{"embeddable":true,"href":"https:\/\/www.europesays.com\/pt\/wp-json\/wp\/v2\/comments?post=148900"}],"version-history":[{"count":0,"href":"https:\/\/www.europesays.com\/pt\/wp-json\/wp\/v2\/posts\/148900\/revisions"}],"wp:featuredmedia":[{"embeddable":true,"href":"https:\/\/www.europesays.com\/pt\/wp-json\/wp\/v2\/media\/148901"}],"wp:attachment":[{"href":"https:\/\/www.europesays.com\/pt\/wp-json\/wp\/v2\/media?parent=148900"}],"wp:term":[{"taxonomy":"category","embeddable":true,"href":"https:\/\/www.europesays.com\/pt\/wp-json\/wp\/v2\/categories?post=148900"},{"taxonomy":"post_tag","embeddable":true,"href":"https:\/\/www.europesays.com\/pt\/wp-json\/wp\/v2\/tags?post=148900"}],"curies":[{"name":"wp","href":"https:\/\/api.w.org\/{rel}","templated":true}]}}