{"id":148914,"date":"2025-11-12T04:56:32","date_gmt":"2025-11-12T04:56:32","guid":{"rendered":"https:\/\/www.europesays.com\/pt\/148914\/"},"modified":"2025-11-12T04:56:32","modified_gmt":"2025-11-12T04:56:32","slug":"fc-porto-preparacao-para-o-sintrense-comeca-com-cinco-dias-de-folga","status":"publish","type":"post","link":"https:\/\/www.europesays.com\/pt\/148914\/","title":{"rendered":"FC Porto: prepara\u00e7\u00e3o para o Sintrense come\u00e7a com cinco dias de folga"},"content":{"rendered":"<p>O FC Porto anunciou esta segunda-feira que Farioli concedeu cinco dias de folga ao plantel azul e branco, depois da vit\u00f3ria frente ao Famalic\u00e3o, por <a href=\"https:\/\/maisfutebol.iol.pt\/jogo\/famalicao\/fc-porto\/13828218\" target=\"_blank\" rel=\"nofollow noopener\">1-0<\/a>, a contar para a 11.\u00aa jornada da Liga.<\/p>\n<p>Com v\u00e1rios jogadores indispon\u00edveis para representarem as respetivas sele\u00e7\u00f5es, Farioli decidiu que a prepara\u00e7\u00e3o para o duelo contra o Sintrense, para a Ta\u00e7a de Portugal, ter\u00e1 in\u00edcio apenas no pr\u00f3ximo s\u00e1bado, 15 de novembro.<\/p>\n<p>Na nota divulgada no site oficial, os \u00abazuis e brancos\u00bb referem que os lesionados Bednarek, Neuh\u00e9n P\u00e9rez, Borja Sainz e De Jong v\u00e3o continuar a trabalhar no centro de treinos dos drag\u00f5es.<\/p>\n<p>O <a href=\"https:\/\/maisfutebol.iol.pt\/jogo\/fc-porto\/sintrense\/13830736\" target=\"_blank\" rel=\"nofollow noopener\">FC Porto recebe o Sintrense<\/a>, no pr\u00f3ximo dia 22 de novembro \u00e0s 20h15, um jogo da quarta eliminat\u00f3ria da \u00abprova Rainha\u00bb.<\/p>\n","protected":false},"excerpt":{"rendered":"O FC Porto anunciou esta segunda-feira que Farioli concedeu cinco dias de folga ao plantel azul e branco,&hellip;\n","protected":false},"author":2,"featured_media":148915,"comment_status":"","ping_status":"","sticky":false,"template":"","format":"standard","meta":{"footnotes":""},"categories":[87],"tags":[135,2095,282,46,32,33,47,27307,27515,134,13676],"class_list":{"0":"post-148914","1":"post","2":"type-post","3":"status-publish","4":"format-standard","5":"has-post-thumbnail","7":"category-desporto","8":"tag-desporto","9":"tag-farioli","10":"tag-fc-porto","11":"tag-maisfutebol","12":"tag-portugal","13":"tag-pt","14":"tag-pura-paixao","15":"tag-quarta-eliminatoria","16":"tag-sintrense","17":"tag-sports","18":"tag-taca-portugal"},"share_on_mastodon":{"url":"https:\/\/pubeurope.com\/@pt\/115534953566510111","error":""},"_links":{"self":[{"href":"https:\/\/www.europesays.com\/pt\/wp-json\/wp\/v2\/posts\/148914","targetHints":{"allow":["GET"]}}],"collection":[{"href":"https:\/\/www.europesays.com\/pt\/wp-json\/wp\/v2\/posts"}],"about":[{"href":"https:\/\/www.europesays.com\/pt\/wp-json\/wp\/v2\/types\/post"}],"author":[{"embeddable":true,"href":"https:\/\/www.europesays.com\/pt\/wp-json\/wp\/v2\/users\/2"}],"replies":[{"embeddable":true,"href":"https:\/\/www.europesays.com\/pt\/wp-json\/wp\/v2\/comments?post=148914"}],"version-history":[{"count":0,"href":"https:\/\/www.europesays.com\/pt\/wp-json\/wp\/v2\/posts\/148914\/revisions"}],"wp:featuredmedia":[{"embeddable":true,"href":"https:\/\/www.europesays.com\/pt\/wp-json\/wp\/v2\/media\/148915"}],"wp:attachment":[{"href":"https:\/\/www.europesays.com\/pt\/wp-json\/wp\/v2\/media?parent=148914"}],"wp:term":[{"taxonomy":"category","embeddable":true,"href":"https:\/\/www.europesays.com\/pt\/wp-json\/wp\/v2\/categories?post=148914"},{"taxonomy":"post_tag","embeddable":true,"href":"https:\/\/www.europesays.com\/pt\/wp-json\/wp\/v2\/tags?post=148914"}],"curies":[{"name":"wp","href":"https:\/\/api.w.org\/{rel}","templated":true}]}}