{"id":148974,"date":"2025-11-12T07:03:08","date_gmt":"2025-11-12T07:03:08","guid":{"rendered":"https:\/\/www.europesays.com\/pt\/148974\/"},"modified":"2025-11-12T07:03:08","modified_gmt":"2025-11-12T07:03:08","slug":"possivel-intensificacao-da-transmissao-portugal-regista-29-casos-de-mpox-desde-agosto","status":"publish","type":"post","link":"https:\/\/www.europesays.com\/pt\/148974\/","title":{"rendered":"&#8220;Poss\u00edvel intensifica\u00e7\u00e3o da transmiss\u00e3o&#8221;. Portugal regista 29 casos de mpox desde agosto"},"content":{"rendered":"<p>&#13;<br \/>\n(em atualiza\u00e7\u00e3o)<br \/>&#13;\n<\/p>\n<p>O aumento do \u00faltimo m\u00eas face \u00e0 m\u00e9dia mensal deste ano deixa as autoridades de sa\u00fade atentas \u00e0 evolu\u00e7\u00e3o nas pr\u00f3ximas semanas. <b>Foi tamb\u00e9m registado em Portugal o primeiro caso de uma variante mais preocupante<\/b>. <\/p>\n<p>&#13;<br \/>\nEst\u00e1 assim a ser registado um aumento de infe\u00e7\u00f5es ligadas a este v\u00edrus, tendo em conta que a m\u00e9dia mensal \u00e9 de cerca de 11 casos, de acordo com os dados inseridos no Sistema Nacional de Vigil\u00e2ncia Epidemiol\u00f3gica.&#13;\n<\/p>\n<p>Numa nota conjunta enviada \u00e0 Antena 1, as duas entidades assumem que desde junho de 2024 h\u00e1 um n\u00famero \u201creduzido, mas cont\u00ednuo\u201d de casos de mpox reportados todas as semanas.  <\/p>\n<p>\u201c<b>No entanto, nas \u00faltimas semanas observou-se um aumento do n\u00famero de casos, sugerindo uma poss\u00edvel intensifica\u00e7\u00e3o da transmiss\u00e3o, embora ainda sem evid\u00eancia de um novo pico epid\u00e9mico<\/b>\u201d, explicam a DGS e o INSA. <\/p>\n<p>Registado pela primeira vez em humanos em 1970, na Rep\u00fablica Democr\u00e1tica do Congo, no continente africano, o cont\u00e1gio ocorre por contacto pr\u00f3ximo com pessoas infetadas, incluindo por via sexual. Entre os sintomas destacam-se les\u00f5es na pele e mucosas inclusivamente na regi\u00e3o genital. <\/p>\n<p>Os casos que come\u00e7aram a ser registados fora de \u00c1frica levaram a Organiza\u00e7\u00e3o Mundial de Sa\u00fade (OMS) a classificar a mpox como uma emerg\u00eancia de sa\u00fade p\u00fablica de \u00e2mbito internacional em julho de 2022, situa\u00e7\u00e3o que se prolongou at\u00e9 maio do ano seguinte. O surgimento de uma variante mais preocupante, a clade Ib, fez regressar a declara\u00e7\u00e3o entre agosto de 2024 e setembro deste ano. <\/p>\n<p>Portugal foi dos primeiros pa\u00edses a registar a infe\u00e7\u00e3o humana pelo v\u00edrus, que teve um primeiro surto entre maio de 2022 e mar\u00e7o de 2023, com 953 casos. Seguiram-se dois surtos com menos infe\u00e7\u00f5es: 229 casos entre junho de 2023 e mar\u00e7o de 2024, e 20 casos de junho de 2024 a fevereiro de 2025. <\/p>\n<p><b>Nesta altura as autoridades de sa\u00fade n\u00e3o falam de um quarto surto.<\/b> Mas a \u201cposs\u00edvel intensifica\u00e7\u00e3o da transmiss\u00e3o\u201d registada em outubro da variante dominante deixa DGS e INSA em alerta.  <\/p>\n<p>Nos n\u00fameros enviados \u00e0 Antena 1 na ter\u00e7a-feira, <b>desde agosto contam-se 29 casos: nesse m\u00eas foram dez, enquanto em setembro foram tr\u00eas e outros 16 confirmados em outubro. <br \/>&#13;<br \/>\n<\/b><br \/>&#13;<br \/>\n\u201c<b>Embora se tenha verificado um aumento de casos reportados por clade IIb em outubro de 2025, em rela\u00e7\u00e3o \u00e0 m\u00e9dia do ano de 2025, a interpreta\u00e7\u00e3o deste aumento depende ainda de confirma\u00e7\u00e3o laboratorial e da evolu\u00e7\u00e3o dos casos notificados nas pr\u00f3ximas semanas<\/b>\u201d, avisam no comunicado enviado \u00e0 r\u00e1dio p\u00fablica.\u00a0<br \/>&#13;<br \/>\nPrimeiro caso em Portugal de variante mais preocupante<br \/>&#13;<br \/>\n\u00c0 semelhan\u00e7a dos surtos anteriores, nos casos notificados desde agosto, 86% referem-se a homens que tiveram sexo com outros homens. S\u00e3o maioritariamente indiv\u00edduos do sexo masculino com idades entre os 25 e os 57 anos.  <\/p>\n<p>Nos tr\u00eas momentos declarados como surtos, a \u00c1rea Metropolitana de Lisboa concentrou 75% dos casos at\u00e9 fevereiro de 2025, entre o total de 1202 infe\u00e7\u00f5es nacionais &#8211; apenas com duas mortes registadas em doentes imunocomprometidos.  <\/p>\n<p><b>Mas j\u00e1 em outubro, nos dados revelados \u00e0 Antena 1, conta-se pela primeira vez um caso de infe\u00e7\u00e3o da clade Ib, a tal variante mais preocupante. <\/b>A confirma\u00e7\u00e3o surgiu no dia 17 de outubro, num indiv\u00edduo sem hist\u00f3rico de viagem e assemelha-se ao padr\u00e3o observado noutros pa\u00edses da Uni\u00e3o Europeia. J\u00e1 foram detetados dois casos em It\u00e1lia, assim como um em Espanha e outro nos Pa\u00edses Baixos. <\/p>\n<p>Num documento apresentado no \u00faltimo m\u00eas, o Centro Europeu de Preven\u00e7\u00e3o e Controlo das Doen\u00e7as (CEPCD) considerava que estes cinco casos sem hist\u00f3rico de viagem \u201crepresentam um padr\u00e3o diferente de transmiss\u00e3o de infe\u00e7\u00f5es da clade I\u201d e \u201cindicam que a transmiss\u00e3o pode estar a ocorrer em redes sexuais entre homens que fazem sexo com homens em v\u00e1rios pa\u00edses da Uni\u00e3o Europeia\/Espa\u00e7o Econ\u00f3mico Europeu\u201d.  <\/p>\n<p>Esta refer\u00eancia tem em conta que outros 30 casos anteriores desta variante \u201cforam importados ou tinham liga\u00e7\u00f5es claras a casos importados\u201d, sendo que a transmiss\u00e3o posterior ocorreu principalmente entre \u201ccontactos dom\u00e9sticos (crian\u00e7as e outros membros da fam\u00edlia)\u201d. Foram registadas sete hospitaliza\u00e7\u00f5es em que todos recuperaram. <\/p>\n<p>Depois de preocupa\u00e7\u00f5es iniciais com o risco de infe\u00e7\u00e3o e a letalidade da clade Ib, o CEPCD aponta o risco geral de infe\u00e7\u00e3o por esta variante como \u201cmoderado\u201d para homens que fazem sexo com homens e \u201cbaixo\u201d para a popula\u00e7\u00e3o em geral.\u00a0<\/p>\n<p>&#13;<br \/>\n<b>O CEPCD defende que a vacina dispon\u00edvel contra a mpox continua a ser protetora contra a doen\u00e7a grave. Para a\u00a0clade IIb, a efic\u00e1cia estimada para duas doses \u00e9 de 82%, segundo o relat\u00f3rio, n\u00famero que baixa para 20% se a vacina for tomada ap\u00f3s a exposi\u00e7\u00e3o ao v\u00edrus.<\/b>&#13;\n<\/p>\n<p>&#13;<br \/>\n<b>&#8220;A Dire\u00e7\u00e3o-Geral de Sa\u00fade\u00a0mant\u00e9m a monitoriza\u00e7\u00e3o da situa\u00e7\u00e3o de novos casos de mpox\u00a0a n\u00edvel nacional e internacional e refor\u00e7a as recomenda\u00e7\u00f5es para a vacina\u00e7\u00e3o preventiva da popula\u00e7\u00e3o com maior risco de infe\u00e7\u00e3o&#8221;<\/b>, afirma.\u00a0&#13;\n<\/p>\n<p><\/p>\n","protected":false},"excerpt":{"rendered":"&#13; (em atualiza\u00e7\u00e3o)&#13; O aumento do \u00faltimo m\u00eas face \u00e0 m\u00e9dia mensal deste ano deixa as autoridades de&hellip;\n","protected":false},"author":2,"featured_media":148975,"comment_status":"","ping_status":"","sticky":false,"template":"","format":"standard","meta":{"footnotes":""},"categories":[86],"tags":[24726,28014,116,10196,32,33,117,12562,1893],"class_list":{"0":"post-148974","1":"post","2":"type-post","3":"status-publish","4":"format-standard","5":"has-post-thumbnail","7":"category-saude","8":"tag-autoridades","9":"tag-direcao-geral-da-saude","10":"tag-health","11":"tag-mpox","12":"tag-portugal","13":"tag-pt","14":"tag-saude","15":"tag-transmissao","16":"tag-virus"},"share_on_mastodon":{"url":"https:\/\/pubeurope.com\/@pt\/115535452806357044","error":""},"_links":{"self":[{"href":"https:\/\/www.europesays.com\/pt\/wp-json\/wp\/v2\/posts\/148974","targetHints":{"allow":["GET"]}}],"collection":[{"href":"https:\/\/www.europesays.com\/pt\/wp-json\/wp\/v2\/posts"}],"about":[{"href":"https:\/\/www.europesays.com\/pt\/wp-json\/wp\/v2\/types\/post"}],"author":[{"embeddable":true,"href":"https:\/\/www.europesays.com\/pt\/wp-json\/wp\/v2\/users\/2"}],"replies":[{"embeddable":true,"href":"https:\/\/www.europesays.com\/pt\/wp-json\/wp\/v2\/comments?post=148974"}],"version-history":[{"count":0,"href":"https:\/\/www.europesays.com\/pt\/wp-json\/wp\/v2\/posts\/148974\/revisions"}],"wp:featuredmedia":[{"embeddable":true,"href":"https:\/\/www.europesays.com\/pt\/wp-json\/wp\/v2\/media\/148975"}],"wp:attachment":[{"href":"https:\/\/www.europesays.com\/pt\/wp-json\/wp\/v2\/media?parent=148974"}],"wp:term":[{"taxonomy":"category","embeddable":true,"href":"https:\/\/www.europesays.com\/pt\/wp-json\/wp\/v2\/categories?post=148974"},{"taxonomy":"post_tag","embeddable":true,"href":"https:\/\/www.europesays.com\/pt\/wp-json\/wp\/v2\/tags?post=148974"}],"curies":[{"name":"wp","href":"https:\/\/api.w.org\/{rel}","templated":true}]}}