{"id":149004,"date":"2025-11-12T08:04:10","date_gmt":"2025-11-12T08:04:10","guid":{"rendered":"https:\/\/www.europesays.com\/pt\/149004\/"},"modified":"2025-11-12T08:04:10","modified_gmt":"2025-11-12T08:04:10","slug":"pesquisadores-brasileiros-investigam-forma-inedita-de-tratar-doencas-pulmonares-graves-entenda","status":"publish","type":"post","link":"https:\/\/www.europesays.com\/pt\/149004\/","title":{"rendered":"Pesquisadores brasileiros investigam forma in\u00e9dita de tratar doen\u00e7as pulmonares graves; entenda"},"content":{"rendered":"\n<p class=\" content-text__container theme-color-primary-first-letter\" data-track-category=\"Link no Texto\" data-track-links=\"\"> O Instituto D&#8217;Or de Pesquisa e Ensino (IDOR), em colabora\u00e7\u00e3o com a Funda\u00e7\u00e3o Oswaldo Cruz (Fiocruz) e o Laborat\u00f3rio de Investiga\u00e7\u00e3o Pulmonar da Universidade Federal do Rio de Janeiro (UFRJ), iniciou o primeiro ensaio cl\u00ednico do pa\u00eds que avalia a efic\u00e1cia das ves\u00edculas extracelulares para o tratamento da s\u00edndrome do desconforto respirat\u00f3rio agudo (SDRA). As ves\u00edculas extracelulares s\u00e3o estruturas microsc\u00f3picas que atuam como parte de um sofisticado sistema de comunica\u00e7\u00e3o celular. A condi\u00e7\u00e3o \u00e9 uma das principais causas de interna\u00e7\u00e3o em unidades de terapia intensiva e de mortalidade em quadros de infec\u00e7\u00f5es respirat\u00f3rias. <\/p>\n<ul class=\"content-unordered-list\">\n<li><strong>Filmes com cachorros:<\/strong> <a class=\"\" href=\"https:\/\/oglobo.globo.com\/saude\/noticia\/2025\/11\/11\/por-que-os-filmes-com-cachorros-nos-emocionam-e-nos-fazem-chorar-com-tanta-facilidade.ghtml\" rel=\"nofollow noopener\" target=\"_blank\">por que eles nos emocionam com tanta facilidade?<\/a><\/li>\n<li><strong>Cochilos<\/strong>: <a class=\"\" href=\"https:\/\/oglobo.globo.com\/saude\/noticia\/2025\/11\/11\/cochilos-quantas-horas-devem-durar-e-quem-deve-evitar-especialista-responde.ghtml\" rel=\"nofollow noopener\" target=\"_blank\">quantas horas devem durar e quem deve evitar? Especialista responde<\/a><\/li>\n<\/ul>\n<p class=\" content-text__container \" data-track-category=\"Link no Texto\" data-track-links=\"\"> De acordo com os pesquisadores, com o novo estudo, o pa\u00eds se posiciona na vanguarda das terapias celulares de nova gera\u00e7\u00e3o, sendo pioneiro em uma abordagem que pode revolucionar o tratamento de doen\u00e7as pulmonares graves e de outras condi\u00e7\u00f5es inflamat\u00f3rias e degenerativas. <\/p>\n<p class=\" content-text__container \" data-track-category=\"Link no Texto\" data-track-links=\"\"> &#8220;Estamos vivendo um momento hist\u00f3rico para a ci\u00eancia brasileira com o avan\u00e7o de terapias biotecnol\u00f3gicas seguras e acess\u00edveis, desenvolvidas com excel\u00eancia dentro do Brasil e de grande potencial para o tratamento de inflama\u00e7\u00f5es pulmonares cr\u00edticas&#8221;, destaca Bruno Solano, pesquisador do Instituto D&#8217;Or de Pesquisa e Ensino (IDOR), m\u00e9dico e coordenador do projeto, em comunicado. <\/p>\n<p class=\" content-text__container \" data-track-category=\"Link no Texto\" data-track-links=\"\"> O estudo ir\u00e1 avaliar a efic\u00e1cia do uso de ves\u00edculas extracelulares derivadas de c\u00e9lulas-tronco mesenquimais no tratamento da condi\u00e7\u00e3o. <\/p>\n<p class=\" content-text__container \" data-track-category=\"Link no Texto\" data-track-links=\"\"> Elas transportam prote\u00ednas, lip\u00eddios e fragmentos de RNA &#8211; incluindo os microRNAs, mol\u00e9culas com capacidade de regular a atividade gen\u00e9tica, essenciais no controle de inflama\u00e7\u00f5es e no est\u00edmulo ao reparo tecidual. Com base nesse conhecimento, cientistas brasileiros buscaram uma forma segura, escal\u00e1vel e tecnologicamente avan\u00e7ada de transformar esses sinais naturais em medicamentos biol\u00f3gicos. <\/p>\n<p class=\" content-text__container \" data-track-category=\"Link no Texto\" data-track-links=\"\"> As ves\u00edculas utilizadas s\u00e3o derivadas de c\u00e9lulas-tronco mesenquimais do cord\u00e3o umbilical humano e cultivadas sob condi\u00e7\u00f5es altamente controladas no Centro de Biotecnologia e Terapia Celular do IDOR, localizado no Hospital S\u00e3o Rafael, em Salvador (BA). O estudo, de fase I\/II, envolver\u00e1 15 pacientes com diagn\u00f3stico de SDRA, internados em unidades de terapia intensiva. <\/p>\n<p class=\" content-text__container \" data-track-category=\"Link no Texto\" data-track-links=\"\"> A SDRA \u00e9 uma condi\u00e7\u00e3o pulmonar grave e potencialmente fatal que causa insufici\u00eancia respirat\u00f3ria devido a um dano difuso nos alv\u00e9olos, levando ao ac\u00famulo de l\u00edquido. Ela \u00e9 frequentemente causada por condi\u00e7\u00f5es como sepse, pneumonia, Covid-19 grave ou trauma, e requer tratamento intensivo em UTI. O tratamento foca em tratar a causa subjacente e dar suporte \u00e0 fun\u00e7\u00e3o respirat\u00f3ria com ventila\u00e7\u00e3o mec\u00e2nica. <\/p>\n<p class=\" content-text__container \" data-track-category=\"Link no Texto\" data-track-links=\"\"> O principal objetivo da pesquisa \u00e9 avaliar a seguran\u00e7a, tolerabilidade e poss\u00edveis efeitos terap\u00eauticos da infus\u00e3o intravenosa das ves\u00edculas extracelulares. Espera-se que, ao agir de forma sist\u00eamica, as ves\u00edculas ajudem a controlar a inflama\u00e7\u00e3o pulmonar, reduzam os danos aos tecidos e acelerem sua recupera\u00e7\u00e3o. <\/p>\n<p class=\" content-text__container \" data-track-category=\"Link no Texto\" data-track-links=\"\"> Diferente das terapias com c\u00e9lulas-tronco, que utilizam c\u00e9lulas vivas, as terapias com ves\u00edculas extracelulares s\u00e3o acelulares, ou &#8220;cell-free&#8221;, uma inova\u00e7\u00e3o significativa no campo da medicina regenerativa. Entre suas principais vantagens est\u00e3o a maior estabilidade e padroniza\u00e7\u00e3o do produto, o que permite uma produ\u00e7\u00e3o mais controlada e com menos variabilidade entre lotes, al\u00e9m de um risco significativamente menor de rejei\u00e7\u00e3o imunol\u00f3gica. <\/p>\n<p class=\" content-text__container \" data-track-category=\"Link no Texto\" data-track-links=\"\"> Al\u00e9m disso, a maior estabilidade das ves\u00edculas facilita muito seu armazenamento e transporte, favorecendo sua escalabilidade e uso em diferentes contextos cl\u00ednicos. <\/p>\n<p class=\" content-text__container \" data-track-category=\"Link no Texto\" data-track-links=\"\"> O projeto, que foi concebido como resposta emergencial \u00e0 pandemia de Covid-19, segue extremamente relevante porque a SDRA pode ser desencadeada por uma variedade de condi\u00e7\u00f5es, como infec\u00e7\u00f5es graves e traumas, podendo se tornar um recurso importante em caso de uma nova pandemia. A expectativa \u00e9 que os resultados deste estudo abram caminho para a amplia\u00e7\u00e3o da pesquisa, com a inclus\u00e3o de mais centros e pacientes na fase III dos testes cl\u00ednicos. <\/p>\n","protected":false},"excerpt":{"rendered":"O Instituto D&#8217;Or de Pesquisa e Ensino (IDOR), em colabora\u00e7\u00e3o com a Funda\u00e7\u00e3o Oswaldo Cruz (Fiocruz) e o&hellip;\n","protected":false},"author":2,"featured_media":149005,"comment_status":"","ping_status":"","sticky":false,"template":"","format":"standard","meta":{"footnotes":""},"categories":[86],"tags":[1060,116,32,33,679,117],"class_list":{"0":"post-149004","1":"post","2":"type-post","3":"status-publish","4":"format-standard","5":"has-post-thumbnail","7":"category-saude","8":"tag-doencas-respiratorias","9":"tag-health","10":"tag-portugal","11":"tag-pt","12":"tag-reportagem","13":"tag-saude"},"share_on_mastodon":{"url":"https:\/\/pubeurope.com\/@pt\/115535692705942967","error":""},"_links":{"self":[{"href":"https:\/\/www.europesays.com\/pt\/wp-json\/wp\/v2\/posts\/149004","targetHints":{"allow":["GET"]}}],"collection":[{"href":"https:\/\/www.europesays.com\/pt\/wp-json\/wp\/v2\/posts"}],"about":[{"href":"https:\/\/www.europesays.com\/pt\/wp-json\/wp\/v2\/types\/post"}],"author":[{"embeddable":true,"href":"https:\/\/www.europesays.com\/pt\/wp-json\/wp\/v2\/users\/2"}],"replies":[{"embeddable":true,"href":"https:\/\/www.europesays.com\/pt\/wp-json\/wp\/v2\/comments?post=149004"}],"version-history":[{"count":0,"href":"https:\/\/www.europesays.com\/pt\/wp-json\/wp\/v2\/posts\/149004\/revisions"}],"wp:featuredmedia":[{"embeddable":true,"href":"https:\/\/www.europesays.com\/pt\/wp-json\/wp\/v2\/media\/149005"}],"wp:attachment":[{"href":"https:\/\/www.europesays.com\/pt\/wp-json\/wp\/v2\/media?parent=149004"}],"wp:term":[{"taxonomy":"category","embeddable":true,"href":"https:\/\/www.europesays.com\/pt\/wp-json\/wp\/v2\/categories?post=149004"},{"taxonomy":"post_tag","embeddable":true,"href":"https:\/\/www.europesays.com\/pt\/wp-json\/wp\/v2\/tags?post=149004"}],"curies":[{"name":"wp","href":"https:\/\/api.w.org\/{rel}","templated":true}]}}