{"id":149006,"date":"2025-11-12T08:07:28","date_gmt":"2025-11-12T08:07:28","guid":{"rendered":"https:\/\/www.europesays.com\/pt\/149006\/"},"modified":"2025-11-12T08:07:28","modified_gmt":"2025-11-12T08:07:28","slug":"o-produto-da-mercadona-que-salva-a-tua-casa-de-cheiros-desagradaveis","status":"publish","type":"post","link":"https:\/\/www.europesays.com\/pt\/149006\/","title":{"rendered":"O produto da Mercadona que &#8220;salva&#8221; a tua casa de cheiros desagrad\u00e1veis"},"content":{"rendered":"<p>Todas as pessoas gostam de ter a casa cheirosa e, para isso, <a href=\"https:\/\/versa.iol.pt\/lidl\/perfume\/testamos-o-novo-ambientador-do-lidl-que-poe-fim-ao-stress-dentro-de-casa\/20250829\/68aec4a5d34ef72ee449d49d\" rel=\"nofollow noopener\" target=\"_blank\">usam produtos como difusores, velas e ambientadores<\/a>. Tamb\u00e9m conv\u00e9m apostar nos <a href=\"https:\/\/versa.iol.pt\/lidl\/detergente\/detergente-favorito-diz-quem-foi-ao-lidl-e-se-rendeu-a-esta-formula\/20251021\/68f64b8ad34e58bc6797192f\" rel=\"nofollow noopener\" target=\"_blank\">produtos de limpeza e detergentes certos<\/a> para evitar cheiros desagrad\u00e1veis como, por exemplo, a humidade.\u00a0<\/p>\n<p>Tamb\u00e9m pode ser uma boa ideia apostar num produto da Mercadona que elimina o &#8220;cheiro a fossa e cano sujo&#8221;, explica Marina Vit\u00f3ria, uma digital influencer brasileira que vive em Portugal, no TikTok.<\/p>\n<p>Para acabar este problema que pode ser mais comum em &#8220;\u00e9poca de chuva&#8221; recomenda o limpiador de tuber\u00eda canos da cadeia de supermercados espanhola.\u00a0<\/p>\n<p>  <img loading=\"lazy\" decoding=\"async\" alt=\"\" height=\"300\" src=\"https:\/\/www.europesays.com\/pt\/wp-content\/uploads\/2025\/11\/69132806d34e3caad84b281b.webp\" width=\"300\"\/> <\/p>\n<p>    Limpiador de Tuber\u00edas Canos, \u20ac3,80, Mercadona | Fotografia: D.R. <\/p>\n<p>&#8220;S\u00f3 custa&#8221; \u20ac3,80. \u00c9 muito f\u00e1cil de usar e vai &#8220;salvar&#8221; a tua casa. &#8220;Basta despejar o produto&#8221; no ralo, na sanita, ou em outro local com um cheiro desagrad\u00e1vel, e deixar &#8220;atuar durante pelo menos 30 minutos&#8221;. Se o cheiro for muito forte deve ficar &#8220;mais tempo&#8221;.<\/p>\n<p>Depois s\u00f3 tens de despejar \u00e1gua quente no mesmo local e &#8220;est\u00e1 pronto&#8221;. &#8220;J\u00e1 usei na casa de banho e acho que valeu muito a pena&#8221;, explica a criadora de conte\u00fados no v\u00eddeo.\u00a0<\/p>\n<blockquote cite=\"https:\/\/www.tiktok.com\/@marinavitorias_\/video\/7567349632024497426\" class=\"tiktok-embed\" data-video-id=\"7567349632024497426\" style=\"max-width: 605px;min-width: 325px;\"><p>\n  <a href=\"https:\/\/www.tiktok.com\/@marinavitorias_?refer=embed\" target=\"_blank\" title=\"@marinavitorias_\" rel=\"nofollow noopener\">@marinavitorias_<\/a> O produto do MERCADONA que vai salvar sua casa do cheiro de cano sujo \ud83e\udd2e Bom, barato e f\u00e1cil de usar! J\u00e1 salva o v\u00eddeo para n\u00e3o perder! <a href=\"https:\/\/www.tiktok.com\/tag\/dicas?refer=embed\" target=\"_blank\" title=\"dicas\" rel=\"nofollow noopener\">#dicas<\/a> <a href=\"https:\/\/www.tiktok.com\/tag\/brasileirosemportugal?refer=embed\" target=\"_blank\" title=\"brasileirosemportugal\" rel=\"nofollow noopener\">#brasileirosemportugal<\/a> <a href=\"https:\/\/www.tiktok.com\/tag\/portugal?refer=embed\" target=\"_blank\" title=\"portugal\" rel=\"nofollow noopener\">#portugal<\/a> <a href=\"https:\/\/www.tiktok.com\/tag\/mercadona?refer=embed\" target=\"_blank\" title=\"mercadona\" rel=\"nofollow noopener\">#mercadona<\/a> <a href=\"https:\/\/www.tiktok.com\/tag\/casa?refer=embed\" target=\"_blank\" title=\"casa\" rel=\"nofollow noopener\">#casa<\/a> <a href=\"https:\/\/www.tiktok.com\/music\/som-original-7567349642529704712?refer=embed\" target=\"_blank\" title=\"\u266c som original - Marina Vit\u00f3ria\" rel=\"nofollow noopener\">\u266c som original &#8211; Marina Vit\u00f3ria<\/a> <\/p>\n<\/blockquote>\n<p>                            <script async src=\"\/\/www.tiktok.com\/embed.js\"><\/script><\/p>\n","protected":false},"excerpt":{"rendered":"Todas as pessoas gostam de ter a casa cheirosa e, para isso, usam produtos como difusores, velas e&hellip;\n","protected":false},"author":2,"featured_media":149007,"comment_status":"","ping_status":"","sticky":false,"template":"","format":"standard","meta":{"footnotes":""},"categories":[85],"tags":[1081,2019,204,114,115,754,186,15311,4317,1079,32,33,1078,1080],"class_list":{"0":"post-149006","1":"post","2":"type-post","3":"status-publish","4":"format-standard","5":"has-post-thumbnail","7":"category-entretenimento","8":"tag-beleza","9":"tag-casa","10":"tag-design","11":"tag-entertainment","12":"tag-entretenimento","13":"tag-gastronomia","14":"tag-lifestyle","15":"tag-limpeza","16":"tag-mercadona","17":"tag-moda","18":"tag-portugal","19":"tag-pt","20":"tag-versa","21":"tag-viagens"},"share_on_mastodon":{"url":"https:\/\/pubeurope.com\/@pt\/115535704729484226","error":""},"_links":{"self":[{"href":"https:\/\/www.europesays.com\/pt\/wp-json\/wp\/v2\/posts\/149006","targetHints":{"allow":["GET"]}}],"collection":[{"href":"https:\/\/www.europesays.com\/pt\/wp-json\/wp\/v2\/posts"}],"about":[{"href":"https:\/\/www.europesays.com\/pt\/wp-json\/wp\/v2\/types\/post"}],"author":[{"embeddable":true,"href":"https:\/\/www.europesays.com\/pt\/wp-json\/wp\/v2\/users\/2"}],"replies":[{"embeddable":true,"href":"https:\/\/www.europesays.com\/pt\/wp-json\/wp\/v2\/comments?post=149006"}],"version-history":[{"count":0,"href":"https:\/\/www.europesays.com\/pt\/wp-json\/wp\/v2\/posts\/149006\/revisions"}],"wp:featuredmedia":[{"embeddable":true,"href":"https:\/\/www.europesays.com\/pt\/wp-json\/wp\/v2\/media\/149007"}],"wp:attachment":[{"href":"https:\/\/www.europesays.com\/pt\/wp-json\/wp\/v2\/media?parent=149006"}],"wp:term":[{"taxonomy":"category","embeddable":true,"href":"https:\/\/www.europesays.com\/pt\/wp-json\/wp\/v2\/categories?post=149006"},{"taxonomy":"post_tag","embeddable":true,"href":"https:\/\/www.europesays.com\/pt\/wp-json\/wp\/v2\/tags?post=149006"}],"curies":[{"name":"wp","href":"https:\/\/api.w.org\/{rel}","templated":true}]}}