{"id":149026,"date":"2025-11-12T08:27:16","date_gmt":"2025-11-12T08:27:16","guid":{"rendered":"https:\/\/www.europesays.com\/pt\/149026\/"},"modified":"2025-11-12T08:27:16","modified_gmt":"2025-11-12T08:27:16","slug":"web-summit-a-europa-e-os-eua-vao-capitular-nesta-guerra-das-taxas-guerra-comercial","status":"publish","type":"post","link":"https:\/\/www.europesays.com\/pt\/149026\/","title":{"rendered":"Web Summit: \u201cA Europa e os EUA v\u00e3o capitular nesta guerra das taxas\u201d | Guerra Comercial"},"content":{"rendered":"<p>Faltava um minuto para o fim da segunda conversa em palco quando o moderador pergunta aos dois oradores convidados. Onde \u00e9 que isto vai acabar? \u201cNa capitula\u00e7\u00e3o do Ocidente\u201d, responde o economista Philip Pilkington, com um ar de quem acaba de dizer uma banal evid\u00eancia.<\/p>\n<p>\u201cIsto\u201d \u00e9 a <a href=\"https:\/\/www.publico.pt\/guerra-comercial\" target=\"_blank\" rel=\"nofollow noopener\">guerra de taxas aduaneiras entre EUA e China<\/a>. Um assunto que tamb\u00e9m entra na <a href=\"https:\/\/www.publico.pt\/web-summit\" target=\"_blank\" rel=\"nofollow noopener\">Web Summit<\/a>, sobretudo no palco que nesta edi\u00e7\u00e3o foi dedicado \u00e0 China por algumas horas nesta ter\u00e7a-feira. A plateia da China Summit esteve repleta quase at\u00e9 ao fim, neste \u201cmini-evento\u201d dentro da Web Summit, in\u00e9dito e com direito a interven\u00e7\u00e3o de abertura do pr\u00f3prio fundador da confer\u00eancia, Paddy Cosgrave.<\/p>\n<p>\u201cIsto vai acabar na capitula\u00e7\u00e3o de todo o Ocidente. A Europa e os EUA v\u00e3o capitular nesta guerra de taxas aduaneiras\u201d, vaticina Pilkington. \u201cE a \u00fanica coisa que todo o Ocidente vai conseguir \u00e9 causar danos em si mesmo.\u201d<\/p>\n<p>O seu colega de palco, Einar Tangen, o investigador associado do Centro para a Inova\u00e7\u00e3o na Governan\u00e7a Internacional, afirma: \u201cN\u00e3o h\u00e1 vencedores numa guerra destas.\u201d \u201cA China tamb\u00e9m tem algo a perder. As suas pequenas e m\u00e9dias empresas est\u00e3o a sofrer. Mas a China tem um plano. Os EUA n\u00e3o. E a Europa tamb\u00e9m n\u00e3o.\u201d Concretizando o racioc\u00ednio, afirma: \u201cA China procura o crescimento da sua economia atrav\u00e9s da conquista de novos mercados. E isso \u00e9 algo que a Europa deveria estar a fazer.\u201d<\/p>\n<p>\u201cAs tarifas n\u00e3o fazem magia. Elas protegem. N\u00e3o criam. N\u00e3o constroem ind\u00fastria\u201d, frisa Pilkington, investigador no Instituto H\u00fangaro de Assuntos Internacionais. \u201c\u00c9 exactamente isso o que estamos a ver [nos EUA]; por cada emprego salvo com as tarifas de Trump sobre a\u00e7o e ferro, a economia est\u00e1 a perder 3,2 empregos a montante e todo o efeito econ\u00f3mico\u201d, acrescenta Tangen.<\/p>\n<p>Antes de chegar \u00e0s taxas aduaneiras e aos riscos globais do chamado \u201cdecoupling\u201d entre as economias ocidentais e a da China (um termo em ingl\u00eas que pode ser traduzido como dissocia\u00e7\u00e3o), falou-se muito de intelig\u00eancia artificial (IA).<\/p>\n<p>Paddy Cosgrave \u2013 que tem em mira arrancar com uma Web Summit China em 2027 \u2013 deu o mote logo no in\u00edcio.<\/p>\n<p>\u201cH\u00e1 12 meses era impens\u00e1vel que pudesse haver modelos de IA chineses, de acesso aberto, a liderar esta corrida\u201d, frisou o presidente da Web Summit, que ressurgir\u00e1 na quarta-feira para uma confer\u00eancia de imprensa a meio da edi\u00e7\u00e3o 2025, que tem mais de 71 mil participantes e o maior n\u00famero de investidores de todas as dez edi\u00e7\u00f5es em Lisboa (nove presenciais e uma virtual, em 2020).<\/p>\n<p>Qual \u00e9 a receita chinesa? \u201cEduca\u00e7\u00e3o\u201d, responde Joleen Ling, empres\u00e1ria de origem chinesa que passa um ter\u00e7o do ano nos EUA, mas tem a sua empresa de IA na China.<\/p>\n<p>Ben Harburg, investidor com experi\u00eancia no mercado chin\u00eas, por seu lado, considera que a China teve a vantagem dos que partem na segunda largada, a vantagem dos late movers.<\/p>\n<p>\u201cPara grande surpresa da China, quando come\u00e7aram a conquista dos mercados internacionais, encontraram uma din\u00e2mica concorrencial muito mais fraca do que imaginavam.\u201d<\/p>\n<p>Para Pilkington, \u201c\u00e9 tarde\u201d para o decoupling dos tr\u00eas blocos.<\/p>\n<p>\u201cIsto assenta na premissa de que a globaliza\u00e7\u00e3o nunca aconteceu. \u00c9 uma ingenuidade, n\u00e3o perceber como funcionam as cadeias de abastecimento. E vimos o que aconteceu. A Administra\u00e7\u00e3o Trump tentou lan\u00e7ar uma guerra tarif\u00e1ria e os chineses restringiram a venda de mat\u00e9rias raras\u201d, de que a ind\u00fastria dos EUA necessita. \u201cAli\u00e1s, nem foi preciso restringir. Puseram o nome dos materiais numa lista de potencial restri\u00e7\u00e3o. Bastou isso para todas as empresas relevantes irem ter com Trump e dizer-lhe que assim n\u00e3o sobreviveram. E por isso recuaram.\u201d<\/p>\n","protected":false},"excerpt":{"rendered":"Faltava um minuto para o fim da segunda conversa em palco quando o moderador pergunta aos dois oradores&hellip;\n","protected":false},"author":2,"featured_media":149027,"comment_status":"","ping_status":"","sticky":false,"template":"","format":"standard","meta":{"footnotes":""},"categories":[83],"tags":[88,358,476,89,90,93,32,33,110,18123],"class_list":{"0":"post-149026","1":"post","2":"type-post","3":"status-publish","4":"format-standard","5":"has-post-thumbnail","7":"category-empresas","8":"tag-business","9":"tag-china","10":"tag-economia","11":"tag-economy","12":"tag-empresas","13":"tag-guerra-comercial","14":"tag-portugal","15":"tag-pt","16":"tag-tecnologia","17":"tag-web-summit"},"share_on_mastodon":{"url":"https:\/\/pubeurope.com\/@pt\/115535783065358337","error":""},"_links":{"self":[{"href":"https:\/\/www.europesays.com\/pt\/wp-json\/wp\/v2\/posts\/149026","targetHints":{"allow":["GET"]}}],"collection":[{"href":"https:\/\/www.europesays.com\/pt\/wp-json\/wp\/v2\/posts"}],"about":[{"href":"https:\/\/www.europesays.com\/pt\/wp-json\/wp\/v2\/types\/post"}],"author":[{"embeddable":true,"href":"https:\/\/www.europesays.com\/pt\/wp-json\/wp\/v2\/users\/2"}],"replies":[{"embeddable":true,"href":"https:\/\/www.europesays.com\/pt\/wp-json\/wp\/v2\/comments?post=149026"}],"version-history":[{"count":0,"href":"https:\/\/www.europesays.com\/pt\/wp-json\/wp\/v2\/posts\/149026\/revisions"}],"wp:featuredmedia":[{"embeddable":true,"href":"https:\/\/www.europesays.com\/pt\/wp-json\/wp\/v2\/media\/149027"}],"wp:attachment":[{"href":"https:\/\/www.europesays.com\/pt\/wp-json\/wp\/v2\/media?parent=149026"}],"wp:term":[{"taxonomy":"category","embeddable":true,"href":"https:\/\/www.europesays.com\/pt\/wp-json\/wp\/v2\/categories?post=149026"},{"taxonomy":"post_tag","embeddable":true,"href":"https:\/\/www.europesays.com\/pt\/wp-json\/wp\/v2\/tags?post=149026"}],"curies":[{"name":"wp","href":"https:\/\/api.w.org\/{rel}","templated":true}]}}