{"id":149036,"date":"2025-11-12T08:38:29","date_gmt":"2025-11-12T08:38:29","guid":{"rendered":"https:\/\/www.europesays.com\/pt\/149036\/"},"modified":"2025-11-12T08:38:29","modified_gmt":"2025-11-12T08:38:29","slug":"casa-dos-segredos-as-duras-palavras-da-mae-de-pedro-sobre-marisa-vamos-ter-que-por","status":"publish","type":"post","link":"https:\/\/www.europesays.com\/pt\/149036\/","title":{"rendered":"Casa dos Segredos &#8211; As duras palavras da m\u00e3e de Pedro sobre Marisa: &#8220;Vamos ter que p\u00f4r&#8230;&#8221;"},"content":{"rendered":"<p><strong>Marisa<\/strong> e <strong>Pedro Jorge\u00a0<\/strong>est\u00e3o juntos h\u00e1 sete anos e t\u00eam dois filhos em comum mas, dentro da casa mais vigiada do pa\u00eds, a rela\u00e7\u00e3o tem sido <a href=\"https:\/\/www.novagente.pt\/casa-dos-segredos-sogra-de-marisa-surpreendida-com-comportamento-dentro-da-casa-nunca-vi\" rel=\"nofollow noopener\" target=\"_blank\">tudo menos tranquila<\/a>. O casal, que <a href=\"https:\/\/www.novagente.pt\/casa-dos-segredos-pedro-diz-mais-do-que-devia-apanhado-como-que-sabes-que-marisa-tem\" rel=\"nofollow noopener\" target=\"_blank\">ainda n\u00e3o foi descoberto <\/a>pelos colegas, tem protagonizado v\u00e1rias <a href=\"https:\/\/www.novagente.pt\/casa-dos-segredos-que-bronca-pedro-coloca-um-ponto-final-na-relacao-com-marisa\" rel=\"nofollow noopener\" target=\"_blank\">discuss\u00f5es acesas<\/a> em que n\u00e3o t\u00eam faltado palavras duras.<\/p>\n<p>Fora desta experi\u00eancia social, a fam\u00edlia sofre ao v\u00ea-los em\u00a0conflito. Recentemente,<a href=\"https:\/\/www.novagente.pt\/casa-dos-segredos-sogra-de-marisa-da-opiniao-sobre-proximidade-com-bruno-se-parte-para-outro-ramo\" rel=\"nofollow noopener\" target=\"_blank\"> a m\u00e3e de Pedro<\/a>, <strong>Regina<\/strong>, esteve \u00e0 conversa com o rep\u00f3rter<strong> S\u00e9rgio Ferreira<\/strong> e admitiu n\u00e3o reconhecer a nora.<\/p>\n<blockquote>\n<p><strong>Leia ainda: <\/strong>Casa dos Segredos &#8211; <a href=\"https:\/\/www.novagente.pt\/casa-dos-segredos-familia-de-pedro-marisa-reage-polemica-que-queremos-deixar-claro\" rel=\"nofollow noopener\" target=\"_blank\">Fam\u00edlia de Pedro e Marisa reage \u00e0 pol\u00e9mica: &#8220;O que queremos deixar claro \u00e9&#8230;&#8221;<\/a><\/p>\n<\/blockquote>\n<p>&#8220;Eu n\u00e3o reconhe\u00e7o a Marisa nesta forma. <strong>N\u00e3o reconhe\u00e7o, n\u00e3o reconhe\u00e7o a Marisa como a nora que eu conhecia. N\u00e3o consigo identificar<\/strong>&#8220;, afirmou, sublinhando, por\u00e9m, que acredita que esta est\u00e1 a jogar com o \u00fanico objetivo de vencer o reality show da <strong>TVI<\/strong>.<\/p>\n<p>Questionada sobre o que dir\u00e1 a Marisa quando sair da casa, Regina foi direta: &#8220;Vamos ter que p\u00f4r alguns pontos nos i\u2019s e realmente saber se o que ela disse foi mesmo da boca para fora ou se realmente foi algo sentido&#8221;. Ao filho, apenas dir\u00e1 que o ama.<\/p>\n<p>Bruna Gomes fala sobre Casa dos Segredos 9\u00a0<\/p>\n<p>Texto: Beatriz Soares; Fotos: Arquivo Impala e Redes Sociais.\u00a0<\/p>\n<p class=\"intagram-text\">Siga a Nova Gente no Instagram<\/p>\n<p>                        <a href=\"https:\/\/www.instagram.com\/revistanovagente\/\" target=\"_blank\" aria-label=\"instagram\" rel=\"noopener nofollow\"><img decoding=\"async\" style=\"display: block; margin-left: auto; margin-right: auto; width: 250px; height: 83px;\" src=\"https:\/\/www.europesays.com\/pt\/wp-content\/uploads\/2025\/11\/Instagram_NG.png\" alt=\"instagram\"\/><\/a><br \/>\n                    <script async src=\"\/\/www.instagram.com\/embed.js\"><\/script><\/p>\n","protected":false},"excerpt":{"rendered":"Marisa e Pedro Jorge\u00a0est\u00e3o juntos h\u00e1 sete anos e t\u00eam dois filhos em comum mas, dentro da casa&hellip;\n","protected":false},"author":2,"featured_media":149037,"comment_status":"","ping_status":"","sticky":false,"template":"","format":"standard","meta":{"footnotes":""},"categories":[142],"tags":[2632,114,115,19184,21416,32,33,1014,1315,151,162],"class_list":{"0":"post-149036","1":"post","2":"type-post","3":"status-publish","4":"format-standard","5":"has-post-thumbnail","7":"category-tv","8":"tag-casa-dos-segredos","9":"tag-entertainment","10":"tag-entretenimento","11":"tag-marisa","12":"tag-pedro-jorge","13":"tag-portugal","14":"tag-pt","15":"tag-reality-show","16":"tag-secret-story","17":"tag-tv","18":"tag-tvi"},"share_on_mastodon":{"url":"https:\/\/pubeurope.com\/@pt\/115535826500414214","error":""},"_links":{"self":[{"href":"https:\/\/www.europesays.com\/pt\/wp-json\/wp\/v2\/posts\/149036","targetHints":{"allow":["GET"]}}],"collection":[{"href":"https:\/\/www.europesays.com\/pt\/wp-json\/wp\/v2\/posts"}],"about":[{"href":"https:\/\/www.europesays.com\/pt\/wp-json\/wp\/v2\/types\/post"}],"author":[{"embeddable":true,"href":"https:\/\/www.europesays.com\/pt\/wp-json\/wp\/v2\/users\/2"}],"replies":[{"embeddable":true,"href":"https:\/\/www.europesays.com\/pt\/wp-json\/wp\/v2\/comments?post=149036"}],"version-history":[{"count":0,"href":"https:\/\/www.europesays.com\/pt\/wp-json\/wp\/v2\/posts\/149036\/revisions"}],"wp:featuredmedia":[{"embeddable":true,"href":"https:\/\/www.europesays.com\/pt\/wp-json\/wp\/v2\/media\/149037"}],"wp:attachment":[{"href":"https:\/\/www.europesays.com\/pt\/wp-json\/wp\/v2\/media?parent=149036"}],"wp:term":[{"taxonomy":"category","embeddable":true,"href":"https:\/\/www.europesays.com\/pt\/wp-json\/wp\/v2\/categories?post=149036"},{"taxonomy":"post_tag","embeddable":true,"href":"https:\/\/www.europesays.com\/pt\/wp-json\/wp\/v2\/tags?post=149036"}],"curies":[{"name":"wp","href":"https:\/\/api.w.org\/{rel}","templated":true}]}}