{"id":149066,"date":"2025-11-12T09:21:16","date_gmt":"2025-11-12T09:21:16","guid":{"rendered":"https:\/\/www.europesays.com\/pt\/149066\/"},"modified":"2025-11-12T09:21:16","modified_gmt":"2025-11-12T09:21:16","slug":"oscar-e-levado-para-o-hospital-e-pondera-fim-da-carreira-por-problema-cardiaco","status":"publish","type":"post","link":"https:\/\/www.europesays.com\/pt\/149066\/","title":{"rendered":"Oscar \u00e9 levado para o hospital e pondera fim da carreira por problema card\u00edaco"},"content":{"rendered":"<p style=\"margin-bottom:11px\">O internacional brasileiro Oscar est\u00e1 a ponderar terminar a carrreira, depois de se ter sentido mal na manh\u00e3 desta ter\u00e7a-feira, durante uma sess\u00e3o de exames f\u00edsicos no centro de treinos do S\u00e3o Paulo.<\/p>\n<p>O clube paulista informou que o jogador de 34 anos teve um problema card\u00edaco e foi encaminhado de ambul\u00e2ncia para uma unidade hospitalar. Tudo ter\u00e1 acontecido quando o m\u00e9dio pedalava numa bicicleta est\u00e1tica e chegou a perder a consci\u00eancia por alguns instantes.<\/p>\n<p>Oscar \u00abencontra-se clinicamente est\u00e1vel e permanece em observa\u00e7\u00e3o para a realiza\u00e7\u00e3o de exames complementares\u00bb. Segundo o Globo Esporte, a rescis\u00e3o amig\u00e1vel com o S\u00e3o Paulo, com quem tem contrato por mais dois anos, \u00e9 uma forte possibilidade.<\/p>\n<p>Ao fim de v\u00e1rias temporadas na China, Oscar regressou ao Brasil em janeiro deste ano. O m\u00e9dio soma dois golos e cinco assist\u00eancias nos 21 encontros em que participou em 2025, contudo, n\u00e3o joga desde julho, devido a les\u00e3o.<\/p>\n<blockquote class=\"twitter-tweet\">\n<p lang=\"es\">Nota oficial: Oscar <a href=\"https:\/\/t.co\/7YbK5mnJBF\" rel=\"nofollow\">pic.twitter.com\/7YbK5mnJBF<\/a><\/p>\n<p> \u2014 S\u00e3o Paulo FC (@SaoPauloFC)<br \/>\n  <a href=\"https:\/\/twitter.com\/SaoPauloFC\/status\/1988314493450154435?ref_src=twsrc%5Etfw\" rel=\"nofollow noopener\" target=\"_blank\">November 11, 2025<\/a>\n <\/p><\/blockquote>\n<p>                                <script async src=\"https:\/\/platform.twitter.com\/widgets.js\" charset=\"utf-8\"><\/script><\/p>\n","protected":false},"excerpt":{"rendered":"O internacional brasileiro Oscar est\u00e1 a ponderar terminar a carrreira, depois de se ter sentido mal na manh\u00e3&hellip;\n","protected":false},"author":2,"featured_media":149067,"comment_status":"","ping_status":"","sticky":false,"template":"","format":"standard","meta":{"footnotes":""},"categories":[8],"tags":[726,1620,27,28,15,16,14,82,25,26,21,22,46,12,13,19,20,1409,32,23,24,33,47,654,17,18,29,30,31],"class_list":{"0":"post-149066","1":"post","2":"type-post","3":"status-publish","4":"format-standard","5":"has-post-thumbnail","7":"category-principais-noticias","8":"tag-brasil","9":"tag-brasileirao","10":"tag-breaking-news","11":"tag-breakingnews","12":"tag-featured-news","13":"tag-featurednews","14":"tag-headlines","15":"tag-internacional","16":"tag-latest-news","17":"tag-latestnews","18":"tag-main-news","19":"tag-mainnews","20":"tag-maisfutebol","21":"tag-news","22":"tag-noticias","23":"tag-noticias-principais","24":"tag-noticiasprincipais","25":"tag-oscar","26":"tag-portugal","27":"tag-principais-noticias","28":"tag-principaisnoticias","29":"tag-pt","30":"tag-pura-paixao","31":"tag-sao-paulo","32":"tag-top-stories","33":"tag-topstories","34":"tag-ultimas","35":"tag-ultimas-noticias","36":"tag-ultimasnoticias"},"share_on_mastodon":{"url":"https:\/\/pubeurope.com\/@pt\/115535995601141090","error":""},"_links":{"self":[{"href":"https:\/\/www.europesays.com\/pt\/wp-json\/wp\/v2\/posts\/149066","targetHints":{"allow":["GET"]}}],"collection":[{"href":"https:\/\/www.europesays.com\/pt\/wp-json\/wp\/v2\/posts"}],"about":[{"href":"https:\/\/www.europesays.com\/pt\/wp-json\/wp\/v2\/types\/post"}],"author":[{"embeddable":true,"href":"https:\/\/www.europesays.com\/pt\/wp-json\/wp\/v2\/users\/2"}],"replies":[{"embeddable":true,"href":"https:\/\/www.europesays.com\/pt\/wp-json\/wp\/v2\/comments?post=149066"}],"version-history":[{"count":0,"href":"https:\/\/www.europesays.com\/pt\/wp-json\/wp\/v2\/posts\/149066\/revisions"}],"wp:featuredmedia":[{"embeddable":true,"href":"https:\/\/www.europesays.com\/pt\/wp-json\/wp\/v2\/media\/149067"}],"wp:attachment":[{"href":"https:\/\/www.europesays.com\/pt\/wp-json\/wp\/v2\/media?parent=149066"}],"wp:term":[{"taxonomy":"category","embeddable":true,"href":"https:\/\/www.europesays.com\/pt\/wp-json\/wp\/v2\/categories?post=149066"},{"taxonomy":"post_tag","embeddable":true,"href":"https:\/\/www.europesays.com\/pt\/wp-json\/wp\/v2\/tags?post=149066"}],"curies":[{"name":"wp","href":"https:\/\/api.w.org\/{rel}","templated":true}]}}