{"id":149070,"date":"2025-11-12T09:25:15","date_gmt":"2025-11-12T09:25:15","guid":{"rendered":"https:\/\/www.europesays.com\/pt\/149070\/"},"modified":"2025-11-12T09:25:15","modified_gmt":"2025-11-12T09:25:15","slug":"bruna-acusa-marisa-se-fosse-outra-pessoa-qualquer-tinhas-te-passado-da-marmita-secret-story","status":"publish","type":"post","link":"https:\/\/www.europesays.com\/pt\/149070\/","title":{"rendered":"Bruna acusa Marisa: \u00abSe fosse outra pessoa qualquer tinhas-te passado da marmita\u00bb &#8211; Secret Story"},"content":{"rendered":"<p>Ap\u00f3s o <strong>Especial<\/strong> do <strong>Secret Story 9<\/strong>, o ambiente na casa ficou tenso. No quarto, Bruna faz algumas acusa\u00e7\u00f5es a Marisa. A concorrente sente que Marisa \u00e9 incoerente e tem dois pesos e duas medidas, para pessoas diferente, como \u00e9 o caso de Leandro. Bruna sente que a colega fecha os olhos a algumas situa\u00e7\u00f5es, por ser Leandro<\/p>\n<p><strong>Esta semana h\u00e1 cinco concorrentes em risco de abandonar a casa mais vigiada do Pa\u00eds no pr\u00f3ximo domingo.\u00a0<\/strong><\/p>\n<p><strong>VOTE PARA SALVAR:<\/strong><\/p>\n<p><strong>ANA \u2013 761 20 20 01<br \/>ANA CRISTINA \u2013 761 20 20 02<br \/>DYLAN \u2013 761 20 20 07<br \/>LEANDRO \u2013 761 20 20 12<br \/>PEDRO &#8211; 761 20 20 18<\/strong><\/p>\n<p><strong><a href=\"https:\/\/tvi.iol.pt\/secretstory\/aominuto\" rel=\"nofollow noopener\" target=\"_blank\">Acompanhe tudo o que se passa na casa mais vigiada do Pa\u00eds!<\/a><\/strong><\/p>\n","protected":false},"excerpt":{"rendered":"Ap\u00f3s o Especial do Secret Story 9, o ambiente na casa ficou tenso. No quarto, Bruna faz algumas&hellip;\n","protected":false},"author":2,"featured_media":149071,"comment_status":"","ping_status":"","sticky":false,"template":"","format":"standard","meta":{"footnotes":""},"categories":[142],"tags":[1997,114,115,19033,19184,19034,32,33,151,19032],"class_list":{"0":"post-149070","1":"post","2":"type-post","3":"status-publish","4":"format-standard","5":"has-post-thumbnail","7":"category-tv","8":"tag-bruna","9":"tag-entertainment","10":"tag-entretenimento","11":"tag-galas-em-video","12":"tag-marisa","13":"tag-melhores-momentos-casa-dos-segredos","14":"tag-portugal","15":"tag-pt","16":"tag-tv","17":"tag-videos-secret-story-tvi"},"share_on_mastodon":{"url":"https:\/\/pubeurope.com\/@pt\/115536011132896196","error":""},"_links":{"self":[{"href":"https:\/\/www.europesays.com\/pt\/wp-json\/wp\/v2\/posts\/149070","targetHints":{"allow":["GET"]}}],"collection":[{"href":"https:\/\/www.europesays.com\/pt\/wp-json\/wp\/v2\/posts"}],"about":[{"href":"https:\/\/www.europesays.com\/pt\/wp-json\/wp\/v2\/types\/post"}],"author":[{"embeddable":true,"href":"https:\/\/www.europesays.com\/pt\/wp-json\/wp\/v2\/users\/2"}],"replies":[{"embeddable":true,"href":"https:\/\/www.europesays.com\/pt\/wp-json\/wp\/v2\/comments?post=149070"}],"version-history":[{"count":0,"href":"https:\/\/www.europesays.com\/pt\/wp-json\/wp\/v2\/posts\/149070\/revisions"}],"wp:featuredmedia":[{"embeddable":true,"href":"https:\/\/www.europesays.com\/pt\/wp-json\/wp\/v2\/media\/149071"}],"wp:attachment":[{"href":"https:\/\/www.europesays.com\/pt\/wp-json\/wp\/v2\/media?parent=149070"}],"wp:term":[{"taxonomy":"category","embeddable":true,"href":"https:\/\/www.europesays.com\/pt\/wp-json\/wp\/v2\/categories?post=149070"},{"taxonomy":"post_tag","embeddable":true,"href":"https:\/\/www.europesays.com\/pt\/wp-json\/wp\/v2\/tags?post=149070"}],"curies":[{"name":"wp","href":"https:\/\/api.w.org\/{rel}","templated":true}]}}