{"id":149126,"date":"2025-11-12T10:29:47","date_gmt":"2025-11-12T10:29:47","guid":{"rendered":"https:\/\/www.europesays.com\/pt\/149126\/"},"modified":"2025-11-12T10:29:47","modified_gmt":"2025-11-12T10:29:47","slug":"web-summit-ministro-aponta-excesso-de-linguagem-sobre-jatos-observador","status":"publish","type":"post","link":"https:\/\/www.europesays.com\/pt\/149126\/","title":{"rendered":"Web Summit. Ministro aponta excesso de linguagem sobre jatos \u2013 Observador"},"content":{"rendered":"<p>O ministro das Infraestruturas disse hoje estranhar a posi\u00e7\u00e3o p\u00fablica da organiza\u00e7\u00e3o da Web Summit, sobre alegada falta de capacidade do aeroporto de Lisboa para receber voos privados durante o evento, e acusou \u201cum dos fundadores\u201d de \u201cexcesso de linguagem\u201d.<\/p>\n<p>\u201cEm 102 voos que foram pedidos, s\u00f3 sete \u00e9 que foram negados e foram negados por v\u00e1rias raz\u00f5es e, portanto, manifestamente, foi \u2013 eu diria \u2013 por parte de um dos fundadores da Web Summit um excesso de linguagem aquilo que ele transmitiu\u201d, afirmou o ministro das Infraestruturas e Habita\u00e7\u00e3o, Miguel Pinto Luz, em declara\u00e7\u00f5es \u00e0 Lusa, \u00e0 margem de uma visita \u00e0s instala\u00e7\u00f5es da Siderurgia Nacional, no Seixal (Set\u00fabal).<\/p>\n<p>Na semana passada foi noticiado\u00a0que v\u00e1rios jatos privados com destino a Lisboa estavam a ser desviados para Badajoz, em Espanha, \u201cdevido \u00e0 falta de capacidade do aeroporto da capital portuguesa durante a Web Summit\u201d. A <a href=\"https:\/\/observador.pt\/2025\/11\/05\/web-summit-alerta-para-escassez-de-slots-de-jatos-privados-no-aeroporto-de-lisboa-e-aconselha-voos-comerciais\/\" rel=\"nofollow noopener\" target=\"_blank\">informa\u00e7\u00e3o<\/a> foi confirmada pela pr\u00f3pria organiza\u00e7\u00e3o do evento, que admitiu ter recebido queixas de delegados for\u00e7ados a aterrar longe de Lisboa.<\/p>\n<blockquote class=\"wp-embedded-content\" data-secret=\"W6RywnPtQs\">\n<p><a href=\"https:\/\/observador.pt\/2025\/11\/05\/web-summit-alerta-para-escassez-de-slots-de-jatos-privados-no-aeroporto-de-lisboa-e-aconselha-voos-comerciais\/\" rel=\"nofollow noopener\" target=\"_blank\">Web Summit alerta para \u201cescassez de slots de jatos privados\u201d no aeroporto de Lisboa e aconselha voos comerciais<\/a><\/p>\n<\/blockquote>\n<p>O Minist\u00e9rio das Infraestruturas divulgou esta quarta-feira de manh\u00e3 um comunicado a garantir que as infraestruturas aeroportu\u00e1rias de Lisboa responderam adequadamente \u00e0 procura de \u2018slots\u2019 para voos privados durante a Web Summit. \u201cEstranhamos essa posi\u00e7\u00e3o p\u00fablica [da organiza\u00e7\u00e3o da Web Summit], o Governo hoje, defendendo a imagem do pa\u00eds, a imagem do pa\u00eds enquanto atra\u00e7\u00e3o de investimento deixou claro nesse comunicado aquilo que \u00e9 a nossa capacidade para receber jatos privados\u201d, vincou Miguel Pinto Luz.<\/p>\n<p>Em comunicado, o Governo detalhou que a Coordena\u00e7\u00e3o Nacional de Slots \u2014 entidade independente da NAV Portugal respons\u00e1vel pela atribui\u00e7\u00e3o de espa\u00e7os hor\u00e1rios para aterrar ou descolar nos aeroportos nacionais coordenados \u2014 \u201crecebeu, entre os dias 09 e 13 de novembro, mais de 100 pedidos de \u2018slot\u2019 para opera\u00e7\u00f5es no Aeroporto Humberto Delgado (AHD), tendo aprovado 95 das solicita\u00e7\u00f5es e apenas recusado sete que n\u00e3o puderam, at\u00e9 ao momento, ser acomodados naquela infraestrutura\u201d.<\/p>\n<p>Segundo salientou, face ao per\u00edodo hom\u00f3logo da Web Summit 2024, verificou-se um aumento de cerca de 70% no n\u00famero de \u2018slots\u2019 atribu\u00eddos a voos privados.<\/p>\n<p>J\u00e1 no Aer\u00f3dromo Municipal de Cascais, o minist\u00e9rio disse estarem at\u00e9 ao momento previstos 51 voos para o per\u00edodo referido, enquanto para Faro e para o Porto est\u00e3o atualmente previstos 29 e 19 voos privados, respetivamente. Em Beja n\u00e3o foram at\u00e9 agora registados pedidos de opera\u00e7\u00e3o, acrescentou.<\/p>\n<p>No caso espec\u00edfico do AHD, o executivo explicou que a atribui\u00e7\u00e3o de \u2018slots\u2019 \u201c\u00e9 efetuada com base em crit\u00e9rios t\u00e9cnicos definidos\u201d, que, no caso dos voos privados, incluem um tempo m\u00e1ximo de perman\u00eancia em terra de 45 minutos (\u2018turnaround\u2019) e a obriga\u00e7\u00e3o de submiss\u00e3o do pedido a partir de 10 dias de anteced\u00eancia em rela\u00e7\u00e3o \u00e0 data pretendida.<\/p>\n<p>\u201cEm determinados per\u00edodos do dia, a capacidade do AHD encontra-se, contudo, totalmente esgotada, devido \u00e0 exist\u00eancia de 38 movimentos por hora (capacidade declarada) j\u00e1 previamente autorizados\u201d, enfatizou.<\/p>\n<p>O executivo garantiu que as infraestruturas aeroportu\u00e1rias nacionais \u201cmant\u00eam total disponibilidade para acolher opera\u00e7\u00f5es privadas\u201d, nomeadamente no Aer\u00f3dromo Municipal de Cascais (apontado como o \u201caer\u00f3dromo de refer\u00eancia para a avia\u00e7\u00e3o executiva na regi\u00e3o de Lisboa\u201d), assim como nos aeroportos de Beja, Faro e Porto.<\/p>\n<p>Ainda assim, assegurou estar \u201ca acompanhar de perto esta mat\u00e9ria\u201d, mantendo-se \u201cdispon\u00edvel para, se necess\u00e1rio, adotar medidas excecionais\u201d, nomeadamente o \u201clevantamento tempor\u00e1rio de restri\u00e7\u00f5es operacionais aplic\u00e1veis aos aer\u00f3dromos\u201d, como a abertura durante o per\u00edodo noturno.<\/p>\n<p>A Web Summit arrancou na segunda-feira, em Lisboa, e conta com mais de 900 oradores e mais de 70.000 participantes, de acordo com dados da organiza\u00e7\u00e3o, num evento onde a intelig\u00eancia artificial (IA) continua em destaque.<\/p>\n","protected":false},"excerpt":{"rendered":"O ministro das Infraestruturas disse hoje estranhar a posi\u00e7\u00e3o p\u00fablica da organiza\u00e7\u00e3o da Web Summit, sobre alegada falta&hellip;\n","protected":false},"author":2,"featured_media":149127,"comment_status":"","ping_status":"","sticky":false,"template":"","format":"standard","meta":{"footnotes":""},"categories":[83],"tags":[1811,1812,1320,88,89,90,1814,186,797,57,32,33,58,1080,1813,18123],"class_list":{"0":"post-149126","1":"post","2":"type-post","3":"status-publish","4":"format-standard","5":"has-post-thumbnail","7":"category-empresas","8":"tag-aeroporto-de-lisboa","9":"tag-aeroportos","10":"tag-aviau00e7u00e3o","11":"tag-business","12":"tag-economy","13":"tag-empresas","14":"tag-escapadinhas","15":"tag-lifestyle","16":"tag-lisboa","17":"tag-pau00eds","18":"tag-portugal","19":"tag-pt","20":"tag-sociedade","21":"tag-viagens","22":"tag-voos","23":"tag-web-summit"},"share_on_mastodon":{"url":"https:\/\/pubeurope.com\/@pt\/115536266809024666","error":""},"_links":{"self":[{"href":"https:\/\/www.europesays.com\/pt\/wp-json\/wp\/v2\/posts\/149126","targetHints":{"allow":["GET"]}}],"collection":[{"href":"https:\/\/www.europesays.com\/pt\/wp-json\/wp\/v2\/posts"}],"about":[{"href":"https:\/\/www.europesays.com\/pt\/wp-json\/wp\/v2\/types\/post"}],"author":[{"embeddable":true,"href":"https:\/\/www.europesays.com\/pt\/wp-json\/wp\/v2\/users\/2"}],"replies":[{"embeddable":true,"href":"https:\/\/www.europesays.com\/pt\/wp-json\/wp\/v2\/comments?post=149126"}],"version-history":[{"count":0,"href":"https:\/\/www.europesays.com\/pt\/wp-json\/wp\/v2\/posts\/149126\/revisions"}],"wp:featuredmedia":[{"embeddable":true,"href":"https:\/\/www.europesays.com\/pt\/wp-json\/wp\/v2\/media\/149127"}],"wp:attachment":[{"href":"https:\/\/www.europesays.com\/pt\/wp-json\/wp\/v2\/media?parent=149126"}],"wp:term":[{"taxonomy":"category","embeddable":true,"href":"https:\/\/www.europesays.com\/pt\/wp-json\/wp\/v2\/categories?post=149126"},{"taxonomy":"post_tag","embeddable":true,"href":"https:\/\/www.europesays.com\/pt\/wp-json\/wp\/v2\/tags?post=149126"}],"curies":[{"name":"wp","href":"https:\/\/api.w.org\/{rel}","templated":true}]}}