{"id":149139,"date":"2025-11-12T10:44:21","date_gmt":"2025-11-12T10:44:21","guid":{"rendered":"https:\/\/www.europesays.com\/pt\/149139\/"},"modified":"2025-11-12T10:44:21","modified_gmt":"2025-11-12T10:44:21","slug":"mundo-jurassico-renascimento-no-ctja","status":"publish","type":"post","link":"https:\/\/www.europesays.com\/pt\/149139\/","title":{"rendered":"Mundo Jur\u00e1ssico \u2013 Renascimento no CTJA"},"content":{"rendered":"<p>Realizado por Gareth Edwards e protagonizado por Scarlett Johansson, Mahershala Ali e Jonathan Bailey, este novo cap\u00edtulo combina a\u00e7\u00e3o, aventura e fic\u00e7\u00e3o cient\u00edfica num regresso \u00e9pico ao universo dos dinossauros.<\/p>\n<p>Cinco anos ap\u00f3s os acontecimentos de Mundo Jur\u00e1ssico: Dom\u00ednio, os dinossauros sobreviventes vivem confinados a habitats tropicais isolados. Quando Zora Bennett, especialista em opera\u00e7\u00f5es secretas, \u00e9 enviada numa miss\u00e3o para recolher material gen\u00e9tico de esp\u00e9cies pr\u00e9-hist\u00f3ricas, a expedi\u00e7\u00e3o transforma-se numa luta pela sobreviv\u00eancia. Entre perigos inesperados e segredos guardados durante d\u00e9cadas, a equipa descobre experi\u00eancias gen\u00e9ticas mutantes que amea\u00e7am alterar o equil\u00edbrio do planeta.<\/p>\n<p>Mundo Jur\u00e1ssico \u2013 Renascimento promete uma experi\u00eancia cinematogr\u00e1fica intensa e visualmente deslumbrante, que desafia os limites da ci\u00eancia e da imagina\u00e7\u00e3o.<\/p>\n<p>\u00a0<\/p>\n<p>Mundo Jur\u00e1ssico \u2013 Renascimento<\/p>\n<p>12 de novembro | 15h00 | Cinema-Teatro Joaquim d\u2019Almeida<\/p>\n<p>\ud83c\udfac Realizador: Gareth Edwards<\/p>\n<p>\ud83c\udfad Elenco: Scarlett Johansson, Mahershala Ali, Jonathan Bailey<\/p>\n<p>\ud83c\udf0d G\u00e9nero: A\u00e7\u00e3o, Aventura, Fic\u00e7\u00e3o | EUA<\/p>\n<p>\ud83c\udf9f\ufe0f Bilhetes: 3\u20ac | Gratuito com cart\u00e3o de estudante<\/p>\n<p>\ud83d\udcc5 Data: 12 de novembro | 15h00 | Sem intervalo<\/p>\n<p>\ud83d\udcfd\ufe0f Distribuidora: Cinemundo<\/p>\n<p>\ud83d\udd17 Ver trailer<\/p>\n<p>Bilheteira CTJA<\/p>\n<p>\ud83d\udccd ter\u00e7a a s\u00e1bado | 14h00 \u00e0s 20h00 (em dias de espet\u00e1culo encerra \u00e0s 22h00)<\/p>\n<p>\ud83d\udce7 ctjabilheteira@mun-montijo.pt<\/p>\n<p>| \u260e\ufe0f 212 327 882 \/ 212 327 778<\/p>\n","protected":false},"excerpt":{"rendered":"Realizado por Gareth Edwards e protagonizado por Scarlett Johansson, Mahershala Ali e Jonathan Bailey, este novo cap\u00edtulo combina&hellip;\n","protected":false},"author":2,"featured_media":149140,"comment_status":"","ping_status":"","sticky":false,"template":"","format":"standard","meta":{"footnotes":""},"categories":[140],"tags":[114,115,147,148,146,32,33],"class_list":{"0":"post-149139","1":"post","2":"type-post","3":"status-publish","4":"format-standard","5":"has-post-thumbnail","7":"category-filmes","8":"tag-entertainment","9":"tag-entretenimento","10":"tag-film","11":"tag-filmes","12":"tag-movies","13":"tag-portugal","14":"tag-pt"},"share_on_mastodon":{"url":"https:\/\/pubeurope.com\/@pt\/115536321914548882","error":""},"_links":{"self":[{"href":"https:\/\/www.europesays.com\/pt\/wp-json\/wp\/v2\/posts\/149139","targetHints":{"allow":["GET"]}}],"collection":[{"href":"https:\/\/www.europesays.com\/pt\/wp-json\/wp\/v2\/posts"}],"about":[{"href":"https:\/\/www.europesays.com\/pt\/wp-json\/wp\/v2\/types\/post"}],"author":[{"embeddable":true,"href":"https:\/\/www.europesays.com\/pt\/wp-json\/wp\/v2\/users\/2"}],"replies":[{"embeddable":true,"href":"https:\/\/www.europesays.com\/pt\/wp-json\/wp\/v2\/comments?post=149139"}],"version-history":[{"count":0,"href":"https:\/\/www.europesays.com\/pt\/wp-json\/wp\/v2\/posts\/149139\/revisions"}],"wp:featuredmedia":[{"embeddable":true,"href":"https:\/\/www.europesays.com\/pt\/wp-json\/wp\/v2\/media\/149140"}],"wp:attachment":[{"href":"https:\/\/www.europesays.com\/pt\/wp-json\/wp\/v2\/media?parent=149139"}],"wp:term":[{"taxonomy":"category","embeddable":true,"href":"https:\/\/www.europesays.com\/pt\/wp-json\/wp\/v2\/categories?post=149139"},{"taxonomy":"post_tag","embeddable":true,"href":"https:\/\/www.europesays.com\/pt\/wp-json\/wp\/v2\/tags?post=149139"}],"curies":[{"name":"wp","href":"https:\/\/api.w.org\/{rel}","templated":true}]}}