{"id":149171,"date":"2025-11-12T11:21:03","date_gmt":"2025-11-12T11:21:03","guid":{"rendered":"https:\/\/www.europesays.com\/pt\/149171\/"},"modified":"2025-11-12T11:21:03","modified_gmt":"2025-11-12T11:21:03","slug":"aviao-militar-turco-c-130-cai-na-georgia-com-20-a-bordo","status":"publish","type":"post","link":"https:\/\/www.europesays.com\/pt\/149171\/","title":{"rendered":"Avi\u00e3o Militar Turco C-130 Cai na Ge\u00f3rgia com 20 a Bordo"},"content":{"rendered":"<p>Um avi\u00e3o de carga militar turco, um C-130, despenhou-se esta ter\u00e7a-feira, 11 de novembro, na Ge\u00f3rgia, informou o presidente da Turquia, Recep Tayyip Erdogan. Pelo menos 20 pessoas seguiam a bordo da aeronave, mas autoridades ainda n\u00e3o especificaram o n\u00famero exato de v\u00edtimas. <\/p>\n<p>&#8220;<strong>Estamos profundamente tristes ao saber que um dos nossos avi\u00f5es militares C-130, que fazia o trajeto do Azerbaij\u00e3o para o nosso pa\u00eds, caiu perto da fronteira entre a Ge\u00f3rgia e o Azerbaij\u00e3o&#8221;, declarou o chefe de Estado.<\/strong><\/p>\n<p>Durante um evento na capital turca, Ancara, Erdogan recebeu um bilhete dos seus assessores e referiu-se \u00e0 queda do avi\u00e3o militar no final do seu discurso. &#8220;<strong>Se Deus quiser, vamos superar este acidente com o m\u00ednimo de dificuldades. Que Deus d\u00ea descanso \u00e0 alma de nossos m\u00e1rtires<\/strong> e que possamos estar com eles atrav\u00e9s das nas nossas ora\u00e7\u00f5es&#8221;, disse.<\/p>\n<p>Erdogan indicou que est\u00e3o em curso opera\u00e7\u00f5es de busca e salvamento, em coordena\u00e7\u00e3o com as autoridades da Ge\u00f3rgia e do Azerbaij\u00e3o. &#8220;Que Deus tenha miseric\u00f3rdia dos nossos m\u00e1rtires&#8221;, referiu ainda.<\/p>\n<p><strong>O presidente do Azerbaij\u00e3o,\u00a0Ilham Aliyev, expressou as condol\u00eancias ao hom\u00f3logo turco e afirmou: &#8220;Ficamos profundamente tristes com a tr\u00e1gica not\u00edcia da perda de militares na queda de um avi\u00e3o de carga militar da For\u00e7a A\u00e9rea Turca, que decolou de Ganja e caiu em territ\u00f3rio georgiano.&#8221;<\/strong><\/p>\n<p>O Minist\u00e9rio do Interior da Ge\u00f3rgia indicou que o C-130 turco caiu em Sighnaghi, perto da fronteira com o Azerbaij\u00e3o, e informou que uma investiga\u00e7\u00e3o foi aberta.<\/p>\n","protected":false},"excerpt":{"rendered":"Um avi\u00e3o de carga militar turco, um C-130, despenhou-se esta ter\u00e7a-feira, 11 de novembro, na Ge\u00f3rgia, informou o&hellip;\n","protected":false},"author":2,"featured_media":149172,"comment_status":"","ping_status":"","sticky":false,"template":"","format":"standard","meta":{"footnotes":""},"categories":[50],"tags":[27,28,15,16,16960,14,25,26,21,22,62,12,13,19,20,23,24,21883,17,18,2428,29,30,31,63,64,65],"class_list":{"0":"post-149171","1":"post","2":"type-post","3":"status-publish","4":"format-standard","5":"has-post-thumbnail","7":"category-mundo","8":"tag-breaking-news","9":"tag-breakingnews","10":"tag-featured-news","11":"tag-featurednews","12":"tag-georgia","13":"tag-headlines","14":"tag-latest-news","15":"tag-latestnews","16":"tag-main-news","17":"tag-mainnews","18":"tag-mundo","19":"tag-news","20":"tag-noticias","21":"tag-noticias-principais","22":"tag-noticiasprincipais","23":"tag-principais-noticias","24":"tag-principaisnoticias","25":"tag-queda-de-aviao","26":"tag-top-stories","27":"tag-topstories","28":"tag-turquia","29":"tag-ultimas","30":"tag-ultimas-noticias","31":"tag-ultimasnoticias","32":"tag-world","33":"tag-world-news","34":"tag-worldnews"},"share_on_mastodon":{"url":"https:\/\/pubeurope.com\/@pt\/115536467242078959","error":""},"_links":{"self":[{"href":"https:\/\/www.europesays.com\/pt\/wp-json\/wp\/v2\/posts\/149171","targetHints":{"allow":["GET"]}}],"collection":[{"href":"https:\/\/www.europesays.com\/pt\/wp-json\/wp\/v2\/posts"}],"about":[{"href":"https:\/\/www.europesays.com\/pt\/wp-json\/wp\/v2\/types\/post"}],"author":[{"embeddable":true,"href":"https:\/\/www.europesays.com\/pt\/wp-json\/wp\/v2\/users\/2"}],"replies":[{"embeddable":true,"href":"https:\/\/www.europesays.com\/pt\/wp-json\/wp\/v2\/comments?post=149171"}],"version-history":[{"count":0,"href":"https:\/\/www.europesays.com\/pt\/wp-json\/wp\/v2\/posts\/149171\/revisions"}],"wp:featuredmedia":[{"embeddable":true,"href":"https:\/\/www.europesays.com\/pt\/wp-json\/wp\/v2\/media\/149172"}],"wp:attachment":[{"href":"https:\/\/www.europesays.com\/pt\/wp-json\/wp\/v2\/media?parent=149171"}],"wp:term":[{"taxonomy":"category","embeddable":true,"href":"https:\/\/www.europesays.com\/pt\/wp-json\/wp\/v2\/categories?post=149171"},{"taxonomy":"post_tag","embeddable":true,"href":"https:\/\/www.europesays.com\/pt\/wp-json\/wp\/v2\/tags?post=149171"}],"curies":[{"name":"wp","href":"https:\/\/api.w.org\/{rel}","templated":true}]}}