{"id":149225,"date":"2025-11-12T12:32:54","date_gmt":"2025-11-12T12:32:54","guid":{"rendered":"https:\/\/www.europesays.com\/pt\/149225\/"},"modified":"2025-11-12T12:32:54","modified_gmt":"2025-11-12T12:32:54","slug":"equipa-familia-de-bruno-simao-reagem-a-sua-salvacao-com-algumas-bicadas","status":"publish","type":"post","link":"https:\/\/www.europesays.com\/pt\/149225\/","title":{"rendered":"Equipa\/ fam\u00edlia de Bruno Sim\u00e3o reagem \u00e0 sua salva\u00e7\u00e3o com algumas &#8216;bicadas&#8217;"},"content":{"rendered":"<p>\t\t\t\t\t\t\t\t\t\t\t\t<a href=\"#\" onclick=\"window.open('http:\/\/www.facebook.com\/sharer.php?u=https:\/\/cusquices.com\/equipa-familia-de-bruno-simao-reagem-a-sua-salvacao-com-algumas-bicadas\/&amp;t=Equipa\/ fam\u00edlia de Bruno Sim\u00e3o reagem \u00e0 sua salva\u00e7\u00e3o com algumas \u2018bicadas\u2019', 'facebookShare', 'width=626,height=436'); return false;\" title=\"Share on Facebook\"><\/p>\n<p>Share<\/p>\n<p><\/a><br \/>\n\t\t\t\t\t\t\t\t\t\t\t\t<a href=\"#\" onclick=\"window.open('http:\/\/twitter.com\/share?text=Equipa\/ fam\u00edlia de Bruno Sim\u00e3o reagem \u00e0 sua salva\u00e7\u00e3o com algumas \u2018bicadas\u2019 -&amp;url=https:\/\/cusquices.com\/equipa-familia-de-bruno-simao-reagem-a-sua-salvacao-com-algumas-bicadas\/', 'twitterShare', 'width=626,height=436'); return false;\" title=\"Tweet This Post\"><\/p>\n<p>Tweet<\/p>\n<p><\/a><br \/>\n\t\t\t\t\t\t\t\t\t\t\t\t<a href=\"whatsapp:\/\/send?text=Equipa\/ fam\u00edlia de Bruno Sim\u00e3o reagem \u00e0 sua salva\u00e7\u00e3o com algumas \u2018bicadas\u2019 https:\/\/cusquices.com\/equipa-familia-de-bruno-simao-reagem-a-sua-salvacao-com-algumas-bicadas\/\" rel=\"nofollow\"><\/p>\n<p>Share<\/p>\n<p><\/a><br \/>\n\t\t\t\t\t\t\t\t\t\t\t\t<a href=\"#\" onclick=\"window.open('http:\/\/pinterest.com\/pin\/create\/button\/?url=https:\/\/cusquices.com\/equipa-familia-de-bruno-simao-reagem-a-sua-salvacao-com-algumas-bicadas\/&amp;media=https:\/\/cusquices.com\/wp-content\/uploads\/2025\/11\/brunosimao-1000x600.jpg&amp;description=Equipa\/ fam\u00edlia de Bruno Sim\u00e3o reagem \u00e0 sua salva\u00e7\u00e3o com algumas \u2018bicadas\u2019', 'pinterestShare', 'width=750,height=350'); return false;\" title=\"Pin This Post\"><\/p>\n<p>Share<\/p>\n<p><\/a><br \/>\n\t\t\t\t\t\t\t\t\t\t\t\t<a href=\"mailto:?subject=Equipa\/ fam\u00edlia de Bruno Sim\u00e3o reagem \u00e0 sua salva\u00e7\u00e3o com algumas \u2018bicadas\u2019&amp;BODY=I found this article interesting and thought of sharing it with you. Check it out: https:\/\/cusquices.com\/equipa-familia-de-bruno-simao-reagem-a-sua-salvacao-com-algumas-bicadas\/\"><\/p>\n<p>Email<\/p>\n<p><\/a><br \/>\n\t\t\t\t\t\t\t\t\t\t\t\t\t\t\t\t\t\t\t\t\t\t\t\t\t\t\t\t\t\t\t\t\t\t\t\t\t\t\t\t\t\t\t\t\t\t\t\t\t\t\t\t\t<a href=\"https:\/\/cusquices.com\/equipa-familia-de-bruno-simao-reagem-a-sua-salvacao-com-algumas-bicadas\/#respond\" rel=\"nofollow noopener\" target=\"_blank\"><\/p>\n<p>Equipa\/ fam\u00edlia Bruno atiram \u2018farpas\u2019 ap\u00f3s mais uma salva\u00e7\u00e3o do concorrente.<\/p>\n<p><strong>Bruno Sim\u00e3o<\/strong> foi o terceiro concorrente salvo do <strong>Secret Story 9<\/strong> no passado domingo, 9 de domingo. A fam\u00edlia\/ equipa do concorrente celebrou a salva\u00e7\u00e3o do ex-futebolista com \u2018farpas\u2019 aos cr\u00edticos.<\/p>\n<p><strong>\u201cO Bruno continua dentro da casa, firme e a viver esta experi\u00eancia com tudo o que tem. Infelizmente algumas p\u00e1ginas t\u00eam partilhado informa\u00e7\u00f5es graves e falsas. Essas publica\u00e7\u00f5es t\u00eam gerado confus\u00e3o e coment\u00e1rios injustos, mas a verdade \u00e9 s\u00f3 uma: o Bruno esta forte e continua dentro da casa.\u201d<\/strong>, come\u00e7aram por dizer.<\/p>\n<p>A fam\u00edlia\/ equipa do concorrente rematou com uma mensagem de agradecimento aos apoiantes: <strong>\u201cAgradecemos a todos que t\u00eam enviado mensagens de for\u00e7a e mantido o apoio constante c\u00e1 fora.\u201d<\/strong><\/p>\n<p><strong>Leia tamb\u00e9m:<\/strong><\/p>\n<p>\t\t\t\t\t\t\t\t\t\t\t\t\t\t\t\t\t\t\t\t\t\t\t\t\t<img decoding=\"async\" src=\"https:\/\/www.europesays.com\/pt\/wp-content\/uploads\/2025\/10\/cusquices-logo-52x.png\" class=\"webpexpress-processed\"\/><\/p>\n<p>\t\t\t\t\t\t\t\t\t\t\t\t\t\t\t\t\t\t\t\t\t            \t\t\t\t\t\t\t\t\t\t\t\t\t\t\t\t\t\t\t\t\t\t\t\t\t\t\t\t\t\t\t\t\t\t\t\t\t\t\t<script async src=\"https:\/\/platform.twitter.com\/widgets.js\" charset=\"utf-8\"><\/script><\/p>\n","protected":false},"excerpt":{"rendered":"Share Tweet Share Share Email Equipa\/ fam\u00edlia Bruno atiram \u2018farpas\u2019 ap\u00f3s mais uma salva\u00e7\u00e3o do concorrente. Bruno Sim\u00e3o&hellip;\n","protected":false},"author":2,"featured_media":149226,"comment_status":"","ping_status":"","sticky":false,"template":"","format":"standard","meta":{"footnotes":""},"categories":[85],"tags":[19139,2632,49,114,115,32,33],"class_list":{"0":"post-149225","1":"post","2":"type-post","3":"status-publish","4":"format-standard","5":"has-post-thumbnail","7":"category-entretenimento","8":"tag-bruno-simao","9":"tag-casa-dos-segredos","10":"tag-destaques","11":"tag-entertainment","12":"tag-entretenimento","13":"tag-portugal","14":"tag-pt"},"share_on_mastodon":{"url":"https:\/\/pubeurope.com\/@pt\/115536750688504372","error":""},"_links":{"self":[{"href":"https:\/\/www.europesays.com\/pt\/wp-json\/wp\/v2\/posts\/149225","targetHints":{"allow":["GET"]}}],"collection":[{"href":"https:\/\/www.europesays.com\/pt\/wp-json\/wp\/v2\/posts"}],"about":[{"href":"https:\/\/www.europesays.com\/pt\/wp-json\/wp\/v2\/types\/post"}],"author":[{"embeddable":true,"href":"https:\/\/www.europesays.com\/pt\/wp-json\/wp\/v2\/users\/2"}],"replies":[{"embeddable":true,"href":"https:\/\/www.europesays.com\/pt\/wp-json\/wp\/v2\/comments?post=149225"}],"version-history":[{"count":0,"href":"https:\/\/www.europesays.com\/pt\/wp-json\/wp\/v2\/posts\/149225\/revisions"}],"wp:featuredmedia":[{"embeddable":true,"href":"https:\/\/www.europesays.com\/pt\/wp-json\/wp\/v2\/media\/149226"}],"wp:attachment":[{"href":"https:\/\/www.europesays.com\/pt\/wp-json\/wp\/v2\/media?parent=149225"}],"wp:term":[{"taxonomy":"category","embeddable":true,"href":"https:\/\/www.europesays.com\/pt\/wp-json\/wp\/v2\/categories?post=149225"},{"taxonomy":"post_tag","embeddable":true,"href":"https:\/\/www.europesays.com\/pt\/wp-json\/wp\/v2\/tags?post=149225"}],"curies":[{"name":"wp","href":"https:\/\/api.w.org\/{rel}","templated":true}]}}