{"id":149310,"date":"2025-11-12T13:54:07","date_gmt":"2025-11-12T13:54:07","guid":{"rendered":"https:\/\/www.europesays.com\/pt\/149310\/"},"modified":"2025-11-12T13:54:07","modified_gmt":"2025-11-12T13:54:07","slug":"sporting-avanca-para-a-contratacao-de-central-por-2-milhoes-de-euros","status":"publish","type":"post","link":"https:\/\/www.europesays.com\/pt\/149310\/","title":{"rendered":"Sporting avan\u00e7a para a contrata\u00e7\u00e3o de central por 2 milh\u00f5es de euros"},"content":{"rendered":"<p>&#8211; Advertisement &#8211;<\/p>\n<p><strong>O Sporting deve avan\u00e7ar para a compra em definitivo de Bruno Ramos. O jogador brasileiro encontra-se emprestado pelo Acad\u00e9mico de Viseu.<\/strong><\/p>\n<p>Bruno Ramos convenceu a estrutura do Sporting e o emblema de Alvalade deve avan\u00e7ar para a sua compra em definitivo por dois milh\u00f5es de euros, de acordo com o jornal A Bola. O defesa est\u00e1 pelo segundo ano consecutivo emprestado pelo Acad\u00e9mico de Viseu, equipa da <a href=\"https:\/\/bolanarede.pt\/categoria\/nacional\/segunda-liga\/\" target=\"_blank\" rel=\"noreferrer noopener nofollow\">Segunda Liga<\/a>.<\/p>\n<p>O defesa tem 20 anos e esta \u00e9poca leva seis jogos pela equipa B, sendo que integra v\u00e1rias vezes os treinos \u00e0s ordens de Rui Borges. Na \u00faltima \u00e9poca fez uma partida pelo conjunto principal. <\/p>\n<p>Bruno Ramos realizou a sua forma\u00e7\u00e3o no Barra, rumando ao Fontelo em 2023, inicialmente para os juniores. Os dois emblemas fazem parte do mesmo grupo, integrando a mesma rede multi-clubes.<\/p>\n","protected":false},"excerpt":{"rendered":"&#8211; Advertisement &#8211; O Sporting deve avan\u00e7ar para a compra em definitivo de Bruno Ramos. O jogador brasileiro&hellip;\n","protected":false},"author":2,"featured_media":149311,"comment_status":"","ping_status":"","sticky":false,"template":"","format":"standard","meta":{"footnotes":""},"categories":[87],"tags":[260,18768,135,478,32,479,33,34,134],"class_list":{"0":"post-149310","1":"post","2":"type-post","3":"status-publish","4":"format-standard","5":"has-post-thumbnail","7":"category-desporto","8":"tag-atualidade","9":"tag-bruno-ramos","10":"tag-desporto","11":"tag-destaques-bnr","12":"tag-portugal","13":"tag-primeira-liga","14":"tag-pt","15":"tag-sporting","16":"tag-sports"},"share_on_mastodon":{"url":"https:\/\/pubeurope.com\/@pt\/115537069053046297","error":""},"_links":{"self":[{"href":"https:\/\/www.europesays.com\/pt\/wp-json\/wp\/v2\/posts\/149310","targetHints":{"allow":["GET"]}}],"collection":[{"href":"https:\/\/www.europesays.com\/pt\/wp-json\/wp\/v2\/posts"}],"about":[{"href":"https:\/\/www.europesays.com\/pt\/wp-json\/wp\/v2\/types\/post"}],"author":[{"embeddable":true,"href":"https:\/\/www.europesays.com\/pt\/wp-json\/wp\/v2\/users\/2"}],"replies":[{"embeddable":true,"href":"https:\/\/www.europesays.com\/pt\/wp-json\/wp\/v2\/comments?post=149310"}],"version-history":[{"count":0,"href":"https:\/\/www.europesays.com\/pt\/wp-json\/wp\/v2\/posts\/149310\/revisions"}],"wp:featuredmedia":[{"embeddable":true,"href":"https:\/\/www.europesays.com\/pt\/wp-json\/wp\/v2\/media\/149311"}],"wp:attachment":[{"href":"https:\/\/www.europesays.com\/pt\/wp-json\/wp\/v2\/media?parent=149310"}],"wp:term":[{"taxonomy":"category","embeddable":true,"href":"https:\/\/www.europesays.com\/pt\/wp-json\/wp\/v2\/categories?post=149310"},{"taxonomy":"post_tag","embeddable":true,"href":"https:\/\/www.europesays.com\/pt\/wp-json\/wp\/v2\/tags?post=149310"}],"curies":[{"name":"wp","href":"https:\/\/api.w.org\/{rel}","templated":true}]}}