{"id":149318,"date":"2025-11-12T14:04:08","date_gmt":"2025-11-12T14:04:08","guid":{"rendered":"https:\/\/www.europesays.com\/pt\/149318\/"},"modified":"2025-11-12T14:04:08","modified_gmt":"2025-11-12T14:04:08","slug":"milhares-de-milhoes-da-microsoft-posicionam-portugal-como-hub-estrategico-de-ia","status":"publish","type":"post","link":"https:\/\/www.europesays.com\/pt\/149318\/","title":{"rendered":"Milhares de milh\u00f5es da Microsoft posicionam Portugal como &#8220;hub estrat\u00e9gico&#8221; de IA"},"content":{"rendered":"<p>                A Ag\u00eancia para o Investimento e Com\u00e9rcio Externo de Portugal congratulou-se, esta quarta-feira, com o investimento da Microsoft de quase 10 mil milh\u00f5es de d\u00f3lares &#8211; o correspondente a 8,6 mil milh\u00f5es de euros \u2013 no SINES Data Campus.<\/p>\n<p>Em comunicado, a AICEP classificou este como <b>\u201cum dos maiores investimentos que a tecnol\u00f3gica est\u00e1 a fazer este ano na Europa e em Portugal\u201d,<\/b> em parceria com a Start Campus e a Nscale.\u201cO projeto SINES Data Center da Start Campus, &#13;<br \/>\nclassificado como de Potencial Interesse Nacional e acompanhado &#13;<br \/>\npela AICEP, representa um dos maiores investimentos em infraestruturas &#13;<br \/>\ntecnol\u00f3gicas alguma vez realizado em Portugal, e tem vindo a &#13;<br \/>\ndesenvolver-se desde 2021, refor\u00e7ando a posi\u00e7\u00e3o do nosso pa\u00eds como hub &#13;<br \/>\ndigital europeu e destino de refer\u00eancia para infraestruturas de &#13;<br \/>\nIntelig\u00eancia Artificial e cloud em larga escala na Europa\u201d.<\/p>\n<p>Este novo investimento de 10 mil milh\u00f5es de d\u00f3lares, anunciado na Web Summit pelo presidente da Microsoft, <b>\u201cmarca a pr\u00f3xima fase de desenvolvimento do Campus de Sines\u201d referente \u00e0 parceria com a Start Campus em Portugal e a brit\u00e2nica Nscale \u201cpara instalar 12.600 processadores de \u00faltima gera\u00e7\u00e3o da Nvidia no primeiro edif\u00edcio do Campus\u201d.<\/b><\/p>\n<p>Citado no mesmo comunicado, para o ministro da Economia e Coes\u00e3o Territorial, \u201ceste \u00e9 um investimento transformador que confirma a confian\u00e7a das maiores tecnol\u00f3gicas mundiais em Portugal e no seu ecossistema digital e de talento\u201d. <\/p>\n<p><b>\u201c\u00c9 um passo decisivo na consolida\u00e7\u00e3o do pa\u00eds como plataforma tecnol\u00f3gica e de inova\u00e7\u00e3o na Europa, em linha com a estrat\u00e9gia nacional de transi\u00e7\u00e3o digital e energ\u00e9tica\u201d<\/b>, sublinha Castro Almeida.<\/p>\n<p>Tamb\u00e9m a presidente da AICEP destaca que \u201co projeto da Microsoft em Sines traduz o resultado de um trabalho conjunto entre o Estado portugu\u00eas, representado pela AICEP, e o setor privado para atrair estrangeiro de elevado valor acrescentado\u201d. <\/p>\n<p><b>\u201cEste investimento representa tamb\u00e9m a confirma\u00e7\u00e3o de Portugal como um hub estrat\u00e9gico de IA para toda a Uni\u00e3o Europeia, criando o impulso necess\u00e1rio para que esta ind\u00fastria se estabele\u00e7a no nosso pa\u00eds\u201d,<\/b> acrescenta Madalena Oliveira e Silva.<\/p>\n<p>Esta parceria anunciada em outubro e o an\u00fancio pela Microsoft do investimento total em Sines, \u201cconstituem a confirma\u00e7\u00e3o da confian\u00e7a no projeto, na Start Campus e em Portugal\u201d.<br \/>&#13;<br \/>\nNo \u00e2mbito da Web Summit, o presidente da empresa norte-americana referiu&#13;<br \/>\nque a tecnol\u00f3gica est\u00e1 a refor\u00e7ar a aposta em Portugal, com &#13;<br \/>\ninvestimentos que fazem o pa\u00eds ganhar a corrida na instala\u00e7\u00e3o de &#13;<br \/>\ngigaf\u00e1brica de intelig\u00eancia artificial.<\/p>\n<p>\u201cEstamos a construir na Europa. Curiosamente, um dos maiores investimentos que estamos a fazer este ano na Europa \u00e9, na verdade, em Portugal\u201d, salientou Brad Smith, na ter\u00e7a-feira.<\/p>\n<p>Em outubro, a Microsoft e a Nscale anunciaram ser os primeiros inquilinos do edif\u00edcio da Start Campus, em Sines, prevendo a instala\u00e7\u00e3o de 12.600 processadores de \u00faltima gera\u00e7\u00e3o da Nvidia, no Centro de Dados de Sines.&#13;\n            <\/p>\n","protected":false},"excerpt":{"rendered":"A Ag\u00eancia para o Investimento e Com\u00e9rcio Externo de Portugal congratulou-se, esta quarta-feira, com o investimento da Microsoft&hellip;\n","protected":false},"author":2,"featured_media":149319,"comment_status":"","ping_status":"","sticky":false,"template":"","format":"standard","meta":{"footnotes":""},"categories":[83],"tags":[88,89,90,414,933,906,32,33,6746],"class_list":{"0":"post-149318","1":"post","2":"type-post","3":"status-publish","4":"format-standard","5":"has-post-thumbnail","7":"category-empresas","8":"tag-business","9":"tag-economy","10":"tag-empresas","11":"tag-ia","12":"tag-inteligencia-artificial","13":"tag-microsoft","14":"tag-portugal","15":"tag-pt","16":"tag-sines"},"share_on_mastodon":{"url":"https:\/\/pubeurope.com\/@pt\/115537108238986787","error":""},"_links":{"self":[{"href":"https:\/\/www.europesays.com\/pt\/wp-json\/wp\/v2\/posts\/149318","targetHints":{"allow":["GET"]}}],"collection":[{"href":"https:\/\/www.europesays.com\/pt\/wp-json\/wp\/v2\/posts"}],"about":[{"href":"https:\/\/www.europesays.com\/pt\/wp-json\/wp\/v2\/types\/post"}],"author":[{"embeddable":true,"href":"https:\/\/www.europesays.com\/pt\/wp-json\/wp\/v2\/users\/2"}],"replies":[{"embeddable":true,"href":"https:\/\/www.europesays.com\/pt\/wp-json\/wp\/v2\/comments?post=149318"}],"version-history":[{"count":0,"href":"https:\/\/www.europesays.com\/pt\/wp-json\/wp\/v2\/posts\/149318\/revisions"}],"wp:featuredmedia":[{"embeddable":true,"href":"https:\/\/www.europesays.com\/pt\/wp-json\/wp\/v2\/media\/149319"}],"wp:attachment":[{"href":"https:\/\/www.europesays.com\/pt\/wp-json\/wp\/v2\/media?parent=149318"}],"wp:term":[{"taxonomy":"category","embeddable":true,"href":"https:\/\/www.europesays.com\/pt\/wp-json\/wp\/v2\/categories?post=149318"},{"taxonomy":"post_tag","embeddable":true,"href":"https:\/\/www.europesays.com\/pt\/wp-json\/wp\/v2\/tags?post=149318"}],"curies":[{"name":"wp","href":"https:\/\/api.w.org\/{rel}","templated":true}]}}