{"id":149325,"date":"2025-11-12T14:10:10","date_gmt":"2025-11-12T14:10:10","guid":{"rendered":"https:\/\/www.europesays.com\/pt\/149325\/"},"modified":"2025-11-12T14:10:10","modified_gmt":"2025-11-12T14:10:10","slug":"quem-e-a-filha-de-narcisa-e-boninho-que-vive-longe-dos-holofotes-e-trabalha-no-sus","status":"publish","type":"post","link":"https:\/\/www.europesays.com\/pt\/149325\/","title":{"rendered":"Quem \u00e9 a filha de Narcisa e Boninho que vive longe dos holofotes e trabalha no SUS"},"content":{"rendered":"<p>                        <img width=\"944\" height=\"531\" src=\"https:\/\/www.europesays.com\/pt\/wp-content\/uploads\/2025\/11\/Quem-e-a-filha-de-Narcisa-e-Boninho-que-vive-longe-dos-holofotes-e-trabalha-no-SUS-944x531.jpg\" class=\"attachment-custom-large size-custom-large article-featured-image\" alt=\"Quem \u00e9 a filha de Narcisa e Boninho que vive longe dos holofotes e trabalha no SUS\" fetchpriority=\"high\" decoding=\"async\"  \/><\/p>\n<p>Narcisa disse que Boninho seria um pai distante e frio com a filha do casal (Foto: Redes sociais, Reprodu\u00e7\u00e3o)<\/p>\n<p>Casada com Boninho entre 1983 e 1986, Narcisa Tamborindeguy esteve no programa De Frente com Blogueirinha nesta segunda-feira (10) e deu o que falar. Em certo momento do programa, a socialite fez revela\u00e7\u00f5es sobre seu ex-marido e falou como \u00e9 o relacionamento dele com a filha do ex-casal, Marianna.<\/p>\n<p>Continua depois da publicidade<\/p>\n<p>Narcisa disse que Boninho seria um pai distante e frio com a filha do casal. Os dois s\u00e3o pais de Marianna Tamborindeguy de Oliveira. A primog\u00eanita da dupla n\u00e3o comentou sobre o corrido e v\u00ea-la falando algo publicamente vai ser dif\u00edcil.<\/p>\n<p>Quem \u00e9 Marianna Tamborindeguy<\/p>\n<p>Marianna, de 38 anos, vive uma vida longe dos holofotes, diferentemente dos pais. Ela se formou em Psicologia pela Puc, do Rio de Janeiro, em 2009, e fez mestrado pela mesma institui\u00e7\u00e3o em 2014. Ela tamb\u00e9m se especializou em psiquiatria e atua na \u00e1rea, inclusive, pelo SUS, em uma Casa de Sa\u00fade Municipal do Rio de Janeiro, na Zona Sul da cidade.<\/p>\n<p>A disserta\u00e7\u00e3o da psic\u00f3loga virou livro, \u201cPor uma negatividade necess\u00e1ria: trauma, repeti\u00e7\u00e3o e puls\u00e3o de morte\u201d. Na \u00e9poca, contou com lan\u00e7amento em uma livraria tradicional do Rio e contou com a presen\u00e7a dos pais famosos, al\u00e9m de Ana Furtado, atual esposa de Boninho. Todos prestaram homenagens.<\/p>\n<p>Continua depois da publicidade<\/p>\n<p>\u00c9 s\u00f3 por meio de posts de terceiros que \u00e9 poss\u00edvel encontrar fotos de Marianna atualmente. Ela n\u00e3o tem mais uma conta ativa nas redes sociais e vive bem longe de qualquer holofote.<\/p>\n<p>O que Narcisa Tamborindeguy disse sobre Boninho<\/p>\n<p>A socialite estava sem papas na l\u00edngua e disse mais. Acusou Boninho de ser ausente e frio com a filha. \u201cN\u00e3o fez homenagem nenhuma quando ela passou pra King\u2019s University, n\u00e3o fez nada, n\u00e3o ligou, \u00e9 um p\u00e9ssimo pai, ausente, n\u00e3o d\u00e1 amor pra ela.\u201d<\/p>\n<p>\u201cEla t\u00e1 sem carro, ele deixou ela sem carro. Ele \u00e9 uma pessoa que n\u00e3o \u00e9 boa pra ela, n\u00e3o \u00e9 um bom pai pra ela\u201d, disse a socialite referindo-se ao epis\u00f3dio em que a filha foi assaltada citado por ela no programa.<\/p>\n<p>Continua depois da publicidade<\/p>\n<p>Para encerrar o assunto paternidade, ela ainda fez quest\u00e3o de dizer que Boninho trata as filhas de maneira diferente, e que ele s\u00f3 gosta da filha que tem com Ana Furtado, Isabela, de 18 anos.<\/p>\n<p>Saiba mais sobre Narcisa Tamborindeguy1<\/p>\n<p>VoltarAvan\u00e7ar<\/p>\n<p><img loading=\"lazy\" decoding=\"async\" width=\"1200\" height=\"675\" data-id=\"7322690\" src=\"https:\/\/www.europesays.com\/pt\/wp-content\/uploads\/2025\/11\/fortuna-da-narcisa-3.jpg\" alt=\"\" class=\"wp-image-7322690\"  \/><\/p>\n<p>Narcisa Tamborindeguy, personalidade ic\u00f4nica, \u00e9 herdeira de uma das fam\u00edlias mais influentes do Rio de Janeiro, filha de M\u00e1rio Tamborindeguy e Alice Maria de Sousa Saldanha. (Foto: Reprodu\u00e7\u00e3o, Redes Sociais)<\/p>\n<p><img loading=\"lazy\" decoding=\"async\" width=\"1200\" height=\"675\" data-id=\"7322693\" src=\"https:\/\/www.europesays.com\/pt\/wp-content\/uploads\/2025\/11\/fortuna-da-narcisa-4.jpg\" alt=\"\" class=\"wp-image-7322693\"  \/><\/p>\n<p>Al\u00e9m de advogada e jornalista, Narcisa \u00e9 escritora, com dois livros publicados que refletem seu estilo irreverente: \u201cAi, que loucura!\u201d e \u201cAi, que absurdo!\u201d. (Foto: Reprodu\u00e7\u00e3o, Redes Sociais)<\/p>\n<p><img loading=\"lazy\" decoding=\"async\" width=\"1200\" height=\"675\" data-id=\"7322692\" src=\"https:\/\/www.europesays.com\/pt\/wp-content\/uploads\/2025\/11\/fortuna-da-narcisa-2.jpg\" alt=\"\" class=\"wp-image-7322692\"  \/><\/p>\n<p>Com forma\u00e7\u00f5es em Direito e Jornalismo, Narcisa j\u00e1 socorreu amigos em apuros e atuou em ve\u00edculos de destaque. (Foto: Reprodu\u00e7\u00e3o, Redes Sociais)<\/p>\n<p><img loading=\"lazy\" decoding=\"async\" width=\"1200\" height=\"675\" data-id=\"7322691\" src=\"https:\/\/www.europesays.com\/pt\/wp-content\/uploads\/2025\/11\/fortuna-da-narcisa.jpg\" alt=\"\" class=\"wp-image-7322691\"  \/><\/p>\n<p>Narcisa construiu sua pr\u00f3pria carreira al\u00e9m da fortuna familiar, conquistando sucesso com participa\u00e7\u00f5es em novelas, livros e redes sociais. (Foto: Reprodu\u00e7\u00e3o, Redes Sociais)<\/p>\n<p><img loading=\"lazy\" decoding=\"async\" width=\"1200\" height=\"675\" data-id=\"7322694\" src=\"https:\/\/www.europesays.com\/pt\/wp-content\/uploads\/2025\/11\/fortuna-da-narcisa-1.jpg\" alt=\"\" class=\"wp-image-7322694\"  \/><\/p>\n<p>A vida extravagante de Narcisa inclui at\u00e9 mesmo um banho de champanhe para \u201ctirar o mau-olhado\u201d, destacando seu estilo luxuoso e exc\u00eantrico. (Foto: Reprodu\u00e7\u00e3o, Redes Sociais)<\/p>\n<p>*Sob supervis\u00e3o de Pablo Brito<\/p>\n<p>Voc\u00ea pode gostar de ler tamb\u00e9m sobre\u00a0<a href=\"https:\/\/www.nsctotal.com.br\/noticias\/ainda-nao-voltei-a-ser-quem-eu-era-fabiana-justus-desabafa-apos-tratamento-contra-cancer\" target=\"_blank\" rel=\"noreferrer noopener nofollow\"><strong>Fabiana Justus desabafa ap\u00f3s tratamento contra c\u00e2ncer<\/strong><\/a><\/p>\n","protected":false},"excerpt":{"rendered":"Narcisa disse que Boninho seria um pai distante e frio com a filha do casal (Foto: Redes sociais,&hellip;\n","protected":false},"author":2,"featured_media":149326,"comment_status":"","ping_status":"","sticky":false,"template":"","format":"standard","meta":{"footnotes":""},"categories":[145],"tags":[211,210,114,115,32,33,794],"class_list":{"0":"post-149325","1":"post","2":"type-post","3":"status-publish","4":"format-standard","5":"has-post-thumbnail","7":"category-celebridades","8":"tag-celebridades","9":"tag-celebrities","10":"tag-entertainment","11":"tag-entretenimento","12":"tag-portugal","13":"tag-pt","14":"tag-voce-viu"},"share_on_mastodon":{"url":"https:\/\/pubeurope.com\/@pt\/115537132101407870","error":""},"_links":{"self":[{"href":"https:\/\/www.europesays.com\/pt\/wp-json\/wp\/v2\/posts\/149325","targetHints":{"allow":["GET"]}}],"collection":[{"href":"https:\/\/www.europesays.com\/pt\/wp-json\/wp\/v2\/posts"}],"about":[{"href":"https:\/\/www.europesays.com\/pt\/wp-json\/wp\/v2\/types\/post"}],"author":[{"embeddable":true,"href":"https:\/\/www.europesays.com\/pt\/wp-json\/wp\/v2\/users\/2"}],"replies":[{"embeddable":true,"href":"https:\/\/www.europesays.com\/pt\/wp-json\/wp\/v2\/comments?post=149325"}],"version-history":[{"count":0,"href":"https:\/\/www.europesays.com\/pt\/wp-json\/wp\/v2\/posts\/149325\/revisions"}],"wp:featuredmedia":[{"embeddable":true,"href":"https:\/\/www.europesays.com\/pt\/wp-json\/wp\/v2\/media\/149326"}],"wp:attachment":[{"href":"https:\/\/www.europesays.com\/pt\/wp-json\/wp\/v2\/media?parent=149325"}],"wp:term":[{"taxonomy":"category","embeddable":true,"href":"https:\/\/www.europesays.com\/pt\/wp-json\/wp\/v2\/categories?post=149325"},{"taxonomy":"post_tag","embeddable":true,"href":"https:\/\/www.europesays.com\/pt\/wp-json\/wp\/v2\/tags?post=149325"}],"curies":[{"name":"wp","href":"https:\/\/api.w.org\/{rel}","templated":true}]}}