{"id":149329,"date":"2025-11-12T14:14:17","date_gmt":"2025-11-12T14:14:17","guid":{"rendered":"https:\/\/www.europesays.com\/pt\/149329\/"},"modified":"2025-11-12T14:14:17","modified_gmt":"2025-11-12T14:14:17","slug":"guerreiras-do-k-pop-quando-as-huntr-x-se-apresentam-no-mama-awards-2025","status":"publish","type":"post","link":"https:\/\/www.europesays.com\/pt\/149329\/","title":{"rendered":"Guerreiras do K-Pop: quando as HUNTR\/X se apresentam no MAMA Awards 2025?"},"content":{"rendered":"<p>\u00c9 oficial: as HUNTR\/X marcar\u00e3o presen\u00e7a no <a href=\"https:\/\/www.mnetplus.world\/en\/2025mamaawards\/\" rel=\"nofollow noopener\" target=\"_blank\">MAMA Awards 2025<\/a>. As protagonistas de <a href=\"https:\/\/recreio.com.br\/tags\/guerreiras-do-k-pop\" rel=\"nofollow noopener\" target=\"_blank\">\u201cGuerreiras do K-Pop\u201d<\/a> far\u00e3o parte de um palco especial para celebrar o sucesso do filme da Sony Animation em parceria com a Netflix. Quando a performance ocorre? Saiba mais logo abaixo!<\/p>\n<p>\t Quando as estrelas de \u201cGuerreiras do K-Pop\u201d se apresentam? <\/p>\n<p>Nesta ter\u00e7a-feira (11), o <a href=\"https:\/\/www.instagram.com\/mnet_mama\/?hl=pt\" rel=\"nofollow noopener\" target=\"_blank\">MAMA Awards 2025<\/a> deu in\u00edcio as comemora\u00e7\u00f5es com a coletiva de imprensa realizada com a confirma\u00e7\u00e3o dos nomes que far\u00e3o seus shows nos dois dias e quais as presen\u00e7as especiais garantidas, incluindo as HUNTR\/X.<\/p>\n<p><strong>Lee Young Joo<\/strong> e <strong>Ma Doo Shik<\/strong>, produtores do evento, ao lado de <strong>Park Chan Wook<\/strong>, chefe da \u00e1rea de conven\u00e7\u00f5es, introduziram os nomes. Para o show das HUNTR\/X, a ideia \u00e9 recriar as performances delas com \u201cGolden\u201d e os Saja Boys com \u201cSoda Pop\u201d. Parte do palco especial, a data ainda ser\u00e1 revelada.<\/p>\n<p> <strong>Quem mais se apresenta no MAMA Awards 2025?<\/strong> <\/p>\n<p>Em 28 de novembro, primeiro dia da premia\u00e7\u00e3o, ocorrer\u00e1 uma apresenta\u00e7\u00e3o da equipe do \u201cWorld Of Street Woman Fighter\u201d, a BUMSUP, ao lado de <strong>Park Bo Gum<\/strong>. O BOYNEXTDOOR, CORTIS e TREASURE tamb\u00e9m cantar\u00e3o na premia\u00e7\u00e3o e far\u00e3o uma vers\u00e3o de \u201cLet\u2019s Sing and Dance Together\u201d, do 1TYM.<\/p>\n<p><strong>Kim Hye Soo<\/strong> e <strong>Felix<\/strong>, do Stray Kids, estar\u00e3o no segundo dia, em 29 de novembro, com uma \u201capresenta\u00e7\u00e3o com mensagem\u201d, segundo o Soompi. <strong>Sung Han Bin<\/strong>, do ZEROBASEONE, e <strong>Kyoka<\/strong> estar\u00e3o em um palco tem\u00e1tico. Mais informa\u00e7\u00f5es ser\u00e3o liberadas em breve.<\/p>\n<p>A primeira apresenta\u00e7\u00e3o do ALPHA DRIVE ONE, do \u00e1lbum \u201cBOYS II PLANET\u201d, tamb\u00e9m acontecer\u00e1 na premia\u00e7\u00e3o. O Stray Kids tamb\u00e9m estar\u00e1 presente em um \u201cmega palco\u201d cantando \u201cDIVINE\u201d, como noticiou o Soompi. Comemorando os 20 anos do Super Junior, o palco chamado de \u201clend\u00e1rio\u201d receber\u00e1 uma homenagem ao grupo.<\/p>\n<p>O <a href=\"https:\/\/en.wikipedia.org\/wiki\/MAMA_Awards\" rel=\"nofollow noopener\" target=\"_blank\">MAMA Awards 2025<\/a> acontecer\u00e1 em 28 e 29 de novembro no Est\u00e1dio Kai Tak em Hong Kong.<\/p>\n<p>\t                                            <script async src=\"\/\/www.instagram.com\/embed.js\"><\/script><\/p>\n","protected":false},"excerpt":{"rendered":"\u00c9 oficial: as HUNTR\/X marcar\u00e3o presen\u00e7a no MAMA Awards 2025. As protagonistas de \u201cGuerreiras do K-Pop\u201d far\u00e3o parte&hellip;\n","protected":false},"author":2,"featured_media":10446,"comment_status":"","ping_status":"","sticky":false,"template":"","format":"standard","meta":{"footnotes":""},"categories":[141],"tags":[114,115,4550,3432,32565,149,150,32,33],"class_list":{"0":"post-149329","1":"post","2":"type-post","3":"status-publish","4":"format-standard","5":"has-post-thumbnail","7":"category-musica","8":"tag-entertainment","9":"tag-entretenimento","10":"tag-guerreiras-do-k-pop","11":"tag-huntr-x","12":"tag-mama-awards-k-pop","13":"tag-music","14":"tag-musica","15":"tag-portugal","16":"tag-pt"},"share_on_mastodon":{"url":"https:\/\/pubeurope.com\/@pt\/115537147521056569","error":""},"_links":{"self":[{"href":"https:\/\/www.europesays.com\/pt\/wp-json\/wp\/v2\/posts\/149329","targetHints":{"allow":["GET"]}}],"collection":[{"href":"https:\/\/www.europesays.com\/pt\/wp-json\/wp\/v2\/posts"}],"about":[{"href":"https:\/\/www.europesays.com\/pt\/wp-json\/wp\/v2\/types\/post"}],"author":[{"embeddable":true,"href":"https:\/\/www.europesays.com\/pt\/wp-json\/wp\/v2\/users\/2"}],"replies":[{"embeddable":true,"href":"https:\/\/www.europesays.com\/pt\/wp-json\/wp\/v2\/comments?post=149329"}],"version-history":[{"count":0,"href":"https:\/\/www.europesays.com\/pt\/wp-json\/wp\/v2\/posts\/149329\/revisions"}],"wp:featuredmedia":[{"embeddable":true,"href":"https:\/\/www.europesays.com\/pt\/wp-json\/wp\/v2\/media\/10446"}],"wp:attachment":[{"href":"https:\/\/www.europesays.com\/pt\/wp-json\/wp\/v2\/media?parent=149329"}],"wp:term":[{"taxonomy":"category","embeddable":true,"href":"https:\/\/www.europesays.com\/pt\/wp-json\/wp\/v2\/categories?post=149329"},{"taxonomy":"post_tag","embeddable":true,"href":"https:\/\/www.europesays.com\/pt\/wp-json\/wp\/v2\/tags?post=149329"}],"curies":[{"name":"wp","href":"https:\/\/api.w.org\/{rel}","templated":true}]}}