{"id":149389,"date":"2025-11-12T15:06:12","date_gmt":"2025-11-12T15:06:12","guid":{"rendered":"https:\/\/www.europesays.com\/pt\/149389\/"},"modified":"2025-11-12T15:06:12","modified_gmt":"2025-11-12T15:06:12","slug":"modelo-perfeita-faz-greve-de-sexo-por-estetica-nao-percebi","status":"publish","type":"post","link":"https:\/\/www.europesays.com\/pt\/149389\/","title":{"rendered":"Modelo &#8216;perfeita&#8217; faz greve de sexo por est\u00e9tica: &#8216;N\u00e3o percebi&#8217;"},"content":{"rendered":"<p><\/p>\n<p class=\"texto\">Janaina Prazeres, conhecida por representar o padr\u00e3o de corpo considerado mais pr\u00f3ximo da \u2018perfei\u00e7\u00e3o\u2019, segundo um algoritmo de intelig\u00eancia artificial (IA), revelou que ter ficado sem praticar sexo fez parte do seu processo de autocuidado.<\/p>\n<p class=\"texto\">Segundo a modelo, de 37 anos, ela relatou que se inspirou em uma fala da socialite <a href=\"https:\/\/www.correiobraziliense.com.br\/ciencia-e-saude\/2025\/11\/7288011-khloe-kardashian-e-o-celibato-como-anos-sem-sexo-afetam-o-corpo-e-o-prazer.html\" target=\"_blank\" rel=\"nofollow noopener\">Khlo\u00e9 Kardashian sobre abstin\u00eancia sexual<\/a>, em que ficou cerca de seis meses sem rela\u00e7\u00f5es \u00edntimas, acreditando que a pausa melhoraria a pele e equilibraria os horm\u00f4nios.<\/p>\n<p>&#8220;Detox de beleza&#8221;<\/p>\n<p class=\"texto\">&#8220;Eu sempre li muito sobre est\u00e9tica, sono e alimenta\u00e7\u00e3o. Comecei a ver relatos que ligavam abstin\u00eancia a benef\u00edcios para a pele e resolvi testar&#8221;, disse Janaina Prazeres. &#8220;Achei que seria o meu detox de beleza&#8221;, explicou.<\/p>\n<p class=\"texto\">Durante o per\u00edodo, a modelo ainda manteve uma rotina com treinos intensos, sono regrado e alimenta\u00e7\u00e3o equilibrada. Apesar do foco, ela alegou que n\u00e3o percebeu resultados. &#8220;No in\u00edcio eu estava empolgada, me sentindo no controle. Depois percebi que estava obcecada por perfei\u00e7\u00e3o, tentando encontrar solu\u00e7\u00e3o est\u00e9tica para tudo&#8221;, confidenciou.<\/p>\n<p class=\"texto\"><strong><a href=\"https:\/\/whatsapp.com\/channel\/0029VaB1U9a002T64ex1Sy2w\" target=\"_blank\" rel=\"nofollow noopener\">Siga o canal do Correio no WhatsApp e receba as principais not\u00edcias do dia no seu celular<\/a><\/strong><\/p>\n<p class=\"texto\">\u00a0<\/p>\n<p>\u00a0<\/p>\n<ul>\n<li><a href=\"https:\/\/wa.me\/?text=Modelo+%22perfeita%22+faz+greve+de+sexo+por+est%C3%A9tica%3A+%22N%C3%A3o+percebi%22%20https:\/\/www.correiobraziliense.com.br\/diversao-e-arte\/2025\/11\/7290828-modelo-perfeita-faz-greve-de-sexo-por-estetica-nao-percebi.html\" target=\"_blank\" title=\"Whatsapp\" aria-label=\"WhatsApp\" rel=\"nofollow noopener\"><\/a><\/li>\n<li><a href=\"https:\/\/www.facebook.com\/sharer.php?u=https:\/\/www.correiobraziliense.com.br%2Fdiversao-e-arte%2F2025%2F11%2F7290828-modelo-perfeita-faz-greve-de-sexo-por-estetica-nao-percebi.html&amp;text=Modelo+%22perfeita%22+faz+greve+de+sexo+por+est%C3%A9tica%3A+%22N%C3%A3o+percebi%22\" target=\"_blank\" title=\"Facebook\" aria-label=\"Facebook\" rel=\"nofollow noopener\"><\/a><\/li>\n<li><a href=\"https:\/\/twitter.com\/intent\/tweet?url=https:\/\/www.correiobraziliense.com.br%2Fdiversao-e-arte%2F2025%2F11%2F7290828-modelo-perfeita-faz-greve-de-sexo-por-estetica-nao-percebi.html&amp;text=Modelo+%22perfeita%22+faz+greve+de+sexo+por+est%C3%A9tica%3A+%22N%C3%A3o+percebi%22\" target=\"_blank\" title=\"Twitter\" aria-label=\"Twitter\" rel=\"nofollow noopener\"><\/a><\/li>\n<li><a href=\"https:\/\/profile.google.com\/cp\/CgovbS8wNzZ0dms1\" title=\"Google Discover\" target=\"_blank\" aria-label=\"Google Discover\" rel=\"nofollow noopener\"><img decoding=\"async\" src=\"https:\/\/www.europesays.com\/pt\/wp-content\/uploads\/2025\/11\/google-discover-icon.png\" style=\"height: 25px; margin: 0 !important; margin-left: 3px;\" alt=\"Google Discover Icon\"\/><\/a><\/li>\n<\/ul>\n<p>              <a href=\"https:\/\/www.correiobraziliense.com.br\/autor\/observatorio-dos-famosos\/page\/1\/\" style=\"height: 100%;\" rel=\"nofollow noopener\" target=\"_blank\"><img decoding=\"async\" class=\"hidden-print author-circle d-block h6 mt-0 mb-0 mr-6 text-center\" src=\"https:\/\/www.europesays.com\/pt\/wp-content\/uploads\/2025\/07\/logo_observatorio_dos_famosos-29028262.png\" alt=\"\" width=\"40\" height=\"40\" loading=\"lazy\" style=\"object-fit:cover; width: 40px; height: 40px; margin-right:10px;\"\/><\/a><a href=\"https:\/\/www.correiobraziliense.com.br\/autor\/observatorio-dos-famosos\/page\/1\/\" rel=\"nofollow noopener\" target=\"_blank\"><img decoding=\"async\" class=\"hidden-print author-circle d-block h6 mt-0 mb-0 mr-6 text-center\" src=\"https:\/\/www.europesays.com\/pt\/wp-content\/uploads\/2025\/07\/logo_observatorio_dos_famosos-29028262.png\" alt=\"\" width=\"40\" height=\"40\" loading=\"lazy\" style=\"object-fit:cover; width: 40px; height: 40px; margin-right:10px;\"\/><\/a>Observat\u00f3rio dos Famosos  <strong class=\"entryStrongAuthor\"\/><\/p>\n<p>                          <script async src=\"https:\/\/platform.twitter.com\/widgets.js\" charset=\"utf-8\"><\/script><\/p>\n","protected":false},"excerpt":{"rendered":"Janaina Prazeres, conhecida por representar o padr\u00e3o de corpo considerado mais pr\u00f3ximo da \u2018perfei\u00e7\u00e3o\u2019, segundo um algoritmo de&hellip;\n","protected":false},"author":2,"featured_media":149390,"comment_status":"","ping_status":"","sticky":false,"template":"","format":"standard","meta":{"footnotes":""},"categories":[145],"tags":[211,210,114,115,17744,32,33,216],"class_list":{"0":"post-149389","1":"post","2":"type-post","3":"status-publish","4":"format-standard","5":"has-post-thumbnail","7":"category-celebridades","8":"tag-celebridades","9":"tag-celebrities","10":"tag-entertainment","11":"tag-entretenimento","12":"tag-modelo","13":"tag-portugal","14":"tag-pt","15":"tag-sexo"},"share_on_mastodon":{"url":"https:\/\/pubeurope.com\/@pt\/115537352072765151","error":""},"_links":{"self":[{"href":"https:\/\/www.europesays.com\/pt\/wp-json\/wp\/v2\/posts\/149389","targetHints":{"allow":["GET"]}}],"collection":[{"href":"https:\/\/www.europesays.com\/pt\/wp-json\/wp\/v2\/posts"}],"about":[{"href":"https:\/\/www.europesays.com\/pt\/wp-json\/wp\/v2\/types\/post"}],"author":[{"embeddable":true,"href":"https:\/\/www.europesays.com\/pt\/wp-json\/wp\/v2\/users\/2"}],"replies":[{"embeddable":true,"href":"https:\/\/www.europesays.com\/pt\/wp-json\/wp\/v2\/comments?post=149389"}],"version-history":[{"count":0,"href":"https:\/\/www.europesays.com\/pt\/wp-json\/wp\/v2\/posts\/149389\/revisions"}],"wp:featuredmedia":[{"embeddable":true,"href":"https:\/\/www.europesays.com\/pt\/wp-json\/wp\/v2\/media\/149390"}],"wp:attachment":[{"href":"https:\/\/www.europesays.com\/pt\/wp-json\/wp\/v2\/media?parent=149389"}],"wp:term":[{"taxonomy":"category","embeddable":true,"href":"https:\/\/www.europesays.com\/pt\/wp-json\/wp\/v2\/categories?post=149389"},{"taxonomy":"post_tag","embeddable":true,"href":"https:\/\/www.europesays.com\/pt\/wp-json\/wp\/v2\/tags?post=149389"}],"curies":[{"name":"wp","href":"https:\/\/api.w.org\/{rel}","templated":true}]}}