{"id":149400,"date":"2025-11-12T15:22:12","date_gmt":"2025-11-12T15:22:12","guid":{"rendered":"https:\/\/www.europesays.com\/pt\/149400\/"},"modified":"2025-11-12T15:22:12","modified_gmt":"2025-11-12T15:22:12","slug":"baleias-centenarias-podem-guardar-o-segredo-para-combater-o-cancro","status":"publish","type":"post","link":"https:\/\/www.europesays.com\/pt\/149400\/","title":{"rendered":"Baleias centen\u00e1rias podem guardar o segredo para combater o cancro"},"content":{"rendered":"<p>Com uma longevidade impressionante, a Baleia-da-Gronel\u00e2ndia est\u00e1 a ser alvo de estudo por cientistas, que procuram compreender o segredo para os seus mais de 200 anos de vida.<\/p>\n<p><a target=\"_blank\" href=\"https:\/\/pplware.sapo.pt\/wp-content\/uploads\/2025\/11\/baleia_da_gronelandia00.jpg\" onclick=\"refreshIframe()\" class=\"foobox\" rel=\"nofollow noopener\"><img fetchpriority=\"high\" decoding=\"async\" src=\"https:\/\/www.europesays.com\/pt\/wp-content\/uploads\/2025\/11\/baleia_da_gronelandia00-720x406.jpg\" alt=\"Baleia-da-Gronel\u00e2ndia\" width=\"720\" height=\"406\" class=\"aligncenter size-medium wp-image-1088011\"  \/><\/a>\n<\/p>\n<p>Todos os organismos vivos sofrem danos no ADN ao longo das suas vidas. Embora as c\u00e9lulas tentem reparar esses danos, as repara\u00e7\u00f5es nem sempre s\u00e3o eficazes, resultando num ac\u00famulo de muta\u00e7\u00f5es ao longo do tempo, que podem aumentar o risco de cancro e acelerar o envelhecimento, prejudicando o bom funcionamento das c\u00e9lulas e dos tecidos.<\/p>\n<p>Numa <a target=\"_blank\" href=\"https:\/\/www.nature.com\/articles\/s41586-025-09694-5\" rel=\"nofollow noopener\">descoberta<\/a> curiosa, a equipa da bi\u00f3loga <a target=\"_blank\" href=\"https:\/\/www.sas.rochester.edu\/bio\/people\/faculty\/gorbunova_vera\/\" rel=\"nofollow noopener\">Vera Gorbunova<\/a> percebeu que as Baleias-da-Gronel\u00e2ndia eram particularmente boas a reparar um tipo de dano no ADN em que ambas as cadeias da dupla h\u00e9lice s\u00e3o cortadas.<\/p>\n<p>Como resultado, as baleias adquiriram menos muta\u00e7\u00f5es, refor\u00e7ando o chamado Paradoxo de Peto. Este assenta no seguinte: apesar de ser esperado que criaturas grandes e longevas tenham uma incid\u00eancia de cancro maior do que as pequenas, isso n\u00e3o acontece necessariamente assim.<\/p>\n<blockquote>\n<p>Est\u00e1vamos a tentar compreender os mecanismos da longevidade excecional da Baleia-da-Gronel\u00e2ndia, o mam\u00edfero mais longevo. O que descobrimos \u00e9 que talvez parte do mecanismo seja atrav\u00e9s da repara\u00e7\u00e3o muito precisa e eficiente das quebras no ADN.<\/p>\n<\/blockquote>\n<p>Disse a, tamb\u00e9m, professora da Universidade de Rochester, em Nova Iorque, explicando &#8220;que este tipo de repara\u00e7\u00f5es \u00e9 muito importante para uma vida longa&#8221;.<\/p>\n<p><a target=\"_blank\" href=\"https:\/\/pplware.sapo.pt\/wp-content\/uploads\/2025\/04\/adn_dna-2.jpg\" onclick=\"refreshIframe()\" class=\"foobox\" rel=\"nofollow noopener\"><img loading=\"lazy\" decoding=\"async\" src=\"https:\/\/www.europesays.com\/pt\/wp-content\/uploads\/2025\/11\/adn_dna-2-720x405.jpg\" alt=\"ADN\" width=\"720\" height=\"405\" class=\"aligncenter size-medium wp-image-1054217\"  \/><\/a><\/p>\n<p>Viver na \u00e1gua fria parece ter vantagens<\/p>\n<p>Atrav\u00e9s de uma s\u00e9rie de experi\u00eancias com c\u00e9lulas de baleias, a equipa <a target=\"_blank\" href=\"https:\/\/www.theguardian.com\/science\/2025\/oct\/29\/can-bowhead-whales-with-their-200-year-lifespan-help-us-to-slow-ageing\" rel=\"nofollow noopener\">mostrou<\/a> que o reparo do ADN \u00e9 refor\u00e7ado por uma prote\u00edna chamada CIRBP, ativada pela exposi\u00e7\u00e3o ao frio.<\/p>\n<p>Ora, as Baleias-da-Gronel\u00e2ndia passam a vida nas \u00e1guas do \u00c1rtico e produzem 100 vezes mais CIRBP do que os seres humanos!<\/p>\n<p>Esta estrat\u00e9gia, que n\u00e3o elimina as c\u00e9lulas danificadas, mas repara-as fielmente, pode estar a contribuir para a longevidade excecional, bem como a baixa incid\u00eancia de cancro deste animal.<\/p>\n<p>Conforme citado pelo The Guardian, perante as conclus\u00f5es, a equipa continuou a explorar o que acontecia quando aumentava os n\u00edveis de CIRBP nas c\u00e9lulas humanas.<\/p>\n<p>O aumento da prote\u00edna duplicou a propor\u00e7\u00e3o de quebras que as c\u00e9lulas repararam.<\/p>\n<blockquote>\n<p>A primeira conclus\u00e3o que podemos tirar \u00e9 que h\u00e1 espa\u00e7o para melhorias em humanos. As pessoas costumavam pensar que n\u00e3o podemos melhorar o reparo do ADN, que ele j\u00e1 \u00e9 ideal, mas a baleia faz isso melhor do que n\u00f3s.<\/p>\n<\/blockquote>\n<p>Partilhou a bi\u00f3loga.<\/p>\n<p><a target=\"_blank\" href=\"https:\/\/www.europesays.com\/pt\/wp-content\/uploads\/2025\/11\/baleia_da_gronelandia.jpg\" onclick=\"refreshIframe()\" class=\"foobox\"><img loading=\"lazy\" decoding=\"async\" src=\"https:\/\/www.europesays.com\/pt\/wp-content\/uploads\/2025\/11\/baleia_da_gronelandia.jpg\" alt=\"Baleia-da-Gronel\u00e2ndia\" width=\"720\" height=\"405\" class=\"aligncenter size-full wp-image-1088012\"  \/><\/a><\/p>\n<p>Segundo <a target=\"_blank\" href=\"https:\/\/www.ukdri.ac.uk\/team\/gabriel-balmus\" rel=\"nofollow noopener\">Gabriel Balmus<\/a>, que estuda danos e repara\u00e7\u00e3o do ADN no Instituto de Investiga\u00e7\u00e3o da Dem\u00eancia do Reino Unido, na Universidade de Cambridge, &#8220;aumentar a capacidade das nossas c\u00e9lulas de reparar o ADN poderia, em princ\u00edpio, retardar o envelhecimento e os processos de doen\u00e7as associadas&#8221;.<\/p>\n<p>Contudo, citado pelo jornal brit\u00e2nico, o professor alertou que &#8220;traduzir isso para os seres humanos estar\u00e1 longe de ser simples, exigindo um equil\u00edbrio entre a resili\u00eancia e os limites naturais do corpo relativamente \u00e0 renova\u00e7\u00e3o&#8221;.<\/p>\n<p>Segredo da Baleia-da-Gronel\u00e2ndia como ponto de partida<\/p>\n<p>Ainda que o papel do reparo do ADN na longevidade da Baleia-da-Gronel\u00e2ndia n\u00e3o seja totalmente claro, os cientistas est\u00e3o, agora, a criar ratos com CIRBP melhorado, por forma a avaliar quanto tempo vivem.<\/p>\n<p>A par disso, pretendem testar se os nadadores em \u00e1guas frias ou aqueles que tomam banhos frios t\u00eam n\u00edveis elevados da prote\u00edna e perceber o qu\u00e3o persistente pode ser qualquer aumento.<\/p>\n<p>Segundo a professora, &#8220;precisamos ver se uma breve exposi\u00e7\u00e3o ao frio \u00e9 suficiente, mas, tamb\u00e9m, vamos procurar maneiras farmacol\u00f3gicas de conseguir isso&#8221;. Afinal, &#8220;nem toda a gente quer nadar em \u00e1guas frias&#8221;.<\/p>\n","protected":false},"excerpt":{"rendered":"Com uma longevidade impressionante, a Baleia-da-Gronel\u00e2ndia est\u00e1 a ser alvo de estudo por cientistas, que procuram compreender o&hellip;\n","protected":false},"author":2,"featured_media":149401,"comment_status":"","ping_status":"","sticky":false,"template":"","format":"standard","meta":{"footnotes":""},"categories":[84],"tags":[9422,32584,1207,109,107,108,1490,4589,32,33,105,103,104,106,110],"class_list":{"0":"post-149400","1":"post","2":"type-post","3":"status-publish","4":"format-standard","5":"has-post-thumbnail","7":"category-ciencia-e-tecnologia","8":"tag-baleia","9":"tag-baleia-da-gronelandia","10":"tag-cancro","11":"tag-ciencia","12":"tag-ciencia-e-tecnologia","13":"tag-cienciaetecnologia","14":"tag-envelhecimento","15":"tag-longevidade","16":"tag-portugal","17":"tag-pt","18":"tag-science","19":"tag-science-and-technology","20":"tag-scienceandtechnology","21":"tag-technology","22":"tag-tecnologia"},"share_on_mastodon":{"url":"https:\/\/pubeurope.com\/@pt\/115537415399678572","error":""},"_links":{"self":[{"href":"https:\/\/www.europesays.com\/pt\/wp-json\/wp\/v2\/posts\/149400","targetHints":{"allow":["GET"]}}],"collection":[{"href":"https:\/\/www.europesays.com\/pt\/wp-json\/wp\/v2\/posts"}],"about":[{"href":"https:\/\/www.europesays.com\/pt\/wp-json\/wp\/v2\/types\/post"}],"author":[{"embeddable":true,"href":"https:\/\/www.europesays.com\/pt\/wp-json\/wp\/v2\/users\/2"}],"replies":[{"embeddable":true,"href":"https:\/\/www.europesays.com\/pt\/wp-json\/wp\/v2\/comments?post=149400"}],"version-history":[{"count":0,"href":"https:\/\/www.europesays.com\/pt\/wp-json\/wp\/v2\/posts\/149400\/revisions"}],"wp:featuredmedia":[{"embeddable":true,"href":"https:\/\/www.europesays.com\/pt\/wp-json\/wp\/v2\/media\/149401"}],"wp:attachment":[{"href":"https:\/\/www.europesays.com\/pt\/wp-json\/wp\/v2\/media?parent=149400"}],"wp:term":[{"taxonomy":"category","embeddable":true,"href":"https:\/\/www.europesays.com\/pt\/wp-json\/wp\/v2\/categories?post=149400"},{"taxonomy":"post_tag","embeddable":true,"href":"https:\/\/www.europesays.com\/pt\/wp-json\/wp\/v2\/tags?post=149400"}],"curies":[{"name":"wp","href":"https:\/\/api.w.org\/{rel}","templated":true}]}}