{"id":149412,"date":"2025-11-12T15:30:24","date_gmt":"2025-11-12T15:30:24","guid":{"rendered":"https:\/\/www.europesays.com\/pt\/149412\/"},"modified":"2025-11-12T15:30:24","modified_gmt":"2025-11-12T15:30:24","slug":"flavia-ohoseki-e-eleita-arquiteta-do-ano-em-premiacao-de-2025-da-aea-marilia-marilia-noticia","status":"publish","type":"post","link":"https:\/\/www.europesays.com\/pt\/149412\/","title":{"rendered":"Fl\u00e1via Ohoseki \u00e9 eleita arquiteta do ano em premia\u00e7\u00e3o de 2025 da AEA Mar\u00edlia \u2022 Mar\u00edlia Not\u00edcia"},"content":{"rendered":"<p><img fetchpriority=\"high\" decoding=\"async\" width=\"768\" height=\"1155\" src=\"https:\/\/www.europesays.com\/pt\/wp-content\/uploads\/2025\/11\/WhatsApp-Image-2025-11-10-at-17.46.58-1-768x1155.jpeg\" alt=\"\" class=\"wp-image-689607\" style=\"width:840px;height:auto\"  \/>Fl\u00e1via Fernandes Ohoseki segura o trof\u00e9u de Profissional do Ano ao lado do esposo Rafael Bonini Sentanin (Foto: Gracy Santos\/Mar\u00edlia Not\u00edcia).<\/p>\n<p>O reconhecimento chegou em forma de surpresa, emo\u00e7\u00e3o e gratid\u00e3o. A arquiteta Fl\u00e1via Fernandes Ohoseki foi eleita Arquiteta do Ano de 2025 pela Associa\u00e7\u00e3o dos Engenheiros, Arquitetos e Agr\u00f4nomos de Mar\u00edlia (AEA Mar\u00edlia) \u2014 um t\u00edtulo concedido por vota\u00e7\u00e3o direta entre os profissionais da cidade. <\/p>\n<p>Mais do que um pr\u00eamio, a homenagem simboliza o olhar generoso dos colegas sobre uma trajet\u00f3ria marcada por sensibilidade, t\u00e9cnica e amor ao que se faz.<\/p>\n<p>\u201cFiquei muito honrada e feliz de estar sendo reconhecida por colegas da profiss\u00e3o que eu tanto admiro aqui da cidade. Foi surpreendente e uma honra, na verdade, ter esse reconhecimento de um trabalho de 10 anos de escrit\u00f3rio\u201d, contou Fl\u00e1via, emocionada.<\/p>\n<p><img loading=\"lazy\" decoding=\"async\" width=\"768\" height=\"544\" src=\"https:\/\/www.europesays.com\/pt\/wp-content\/uploads\/2025\/11\/DSC_2784-768x544.jpg\" alt=\"\" class=\"wp-image-689553\" style=\"width:840px;height:auto\"  \/>Homenageada comanda ao lado do marido o escrit\u00f3rio Bonini Ohoseki (Foto: Gracy Santos\/Mar\u00edlia Not\u00edcia)<\/p>\n<p>Durante o discurso, ela dedicou o pr\u00eamio ao marido e s\u00f3cio, Rafael Bonini Sentanin, e \u00e0 filha Cec\u00edlia, de cinco anos, que considera sua maior inspira\u00e7\u00e3o.<\/p>\n<p>\u201cDedico este pr\u00eamio ao meu marido, Rafael, que tamb\u00e9m \u00e9 meu s\u00f3cio. A gente sonhou junto. H\u00e1 10 anos sonhamos em construir o nosso pr\u00f3prio escrit\u00f3rio, juntamos as nossas experi\u00eancias e trouxemos muito carinho para os nossos projetos\u201d, disse, com a voz embargada de emo\u00e7\u00e3o.<\/p>\n<p>A hist\u00f3ria do Bonini Ohoseki Arquitetura nasceu desse sonho compartilhado. O escrit\u00f3rio, que leva os sobrenomes do casal, tornou-se refer\u00eancia em interiores e paisagismo, com projetos que equilibram est\u00e9tica, funcionalidade e afeto. <\/p>\n<p>Cada ambiente revela o cuidado de quem enxerga arquitetura como extens\u00e3o da vida.<\/p>\n<p><img loading=\"lazy\" decoding=\"async\" width=\"768\" height=\"617\" src=\"https:\/\/www.europesays.com\/pt\/wp-content\/uploads\/2025\/11\/0P8A2493-768x617.jpg\" alt=\"\" class=\"wp-image-689554\" style=\"width:840px;height:auto\"  \/>Fl\u00e1via com o esposo Rafael e a filha Cec\u00edlia, de cinco anos (Foto: Gracy Santos\/Mar\u00edlia Not\u00edcia)<\/p>\n<p>\u201cAmo o que fa\u00e7o e acredito no potencial de Mar\u00edlia. Buscamos criar projetos que sejam refer\u00eancia para a cidade\u201d, afirma Fl\u00e1via. <\/p>\n<p>Formada pela Universidade S\u00e3o Judas, em S\u00e3o Paulo, ela trouxe para o interior uma bagagem s\u00f3lida adquirida em grandes escrit\u00f3rios da capital, transformando essa experi\u00eancia em uma linguagem pr\u00f3pria, pr\u00f3xima das pessoas e da cidade.<\/p>\n<p>Rafael destaca o olhar detalhista e a busca pela harmonia entre os espa\u00e7os. \u201cSomos um escrit\u00f3rio que trabalha principalmente com projetos de interiores e paisagismo. Esse \u00e9 o nosso foco\u201d, explica. A integra\u00e7\u00e3o entre o dentro e o fora, o concreto e o verde, \u00e9 o que define o trabalho da dupla. \u201cPor trabalharmos tanto com paisagismo quanto com interiores, temos uma vis\u00e3o diferente, mais completa. Conseguimos englobar dois trabalhos juntos\u201d, complementa Fl\u00e1via.<\/p>\n<p><img loading=\"lazy\" decoding=\"async\" width=\"768\" height=\"523\" src=\"https:\/\/www.europesays.com\/pt\/wp-content\/uploads\/2025\/11\/0P8A2600-768x523.jpg\" alt=\"\" class=\"wp-image-689555\" style=\"width:840px;height:auto\"  \/>Jantar de gala da AEA Mar\u00edlia celebrou Fl\u00e1via Fernandes Ohoseki, eleita Arquiteta do Ano de 2025 (Foto: Gracy Santos\/Mar\u00edlia Not\u00edcia)<\/p>\n<p>A lista de projetos assinados pelo escrit\u00f3rio inclui empreendimentos de alto padr\u00e3o que moldam a paisagem urbana de Mar\u00edlia, como o Residencial Jequitib\u00e1, com paisagismo e interiores desenvolvidos pela equipe, al\u00e9m dos condom\u00ednios Paineiras e Cora. <\/p>\n<p>Fora da cidade, o Bonini Ohoseki tamb\u00e9m vem ampliando fronteiras \u2014 entre os projetos mais recentes, o paisagismo do edif\u00edcio Aura Powered by Porsche Consulting, em Presidente Prudente, um empreendimento da Mampei Funada em parceria com a Porsche.<\/p>\n<p><img loading=\"lazy\" decoding=\"async\" width=\"768\" height=\"548\" src=\"https:\/\/www.europesays.com\/pt\/wp-content\/uploads\/2025\/11\/WhatsApp-Image-2025-11-10-at-17.42.12-3-768x548.jpeg\" alt=\"\" class=\"wp-image-689610\" style=\"width:840px;height:auto\"  \/>Premia\u00e7\u00e3o reconhece profissionais do ano, de acordo com a pr\u00f3pria classe (Foto: Gracy Santos\/Mar\u00edlia Not\u00edcia)<\/p>\n<p>Fl\u00e1via v\u00ea cada conquista como parte de um percurso coletivo. \u201cFicamos muito surpresos e felizes. Esse pr\u00eamio representa o reconhecimento do trabalho que desenvolvemos com tanto carinho ao longo de uma d\u00e9cada\u201d, afirmou, agradecendo \u00e0 AEA Mar\u00edlia pelo incentivo \u00e0 valoriza\u00e7\u00e3o da profiss\u00e3o.<\/p>\n<p>Mais do que celebrar um t\u00edtulo, o momento marca o reconhecimento de uma jornada feita de escolhas, parcerias e sonhos que viraram espa\u00e7o, forma e luz \u2014 a arquitetura que nasce de dentro para fora.<\/p>\n<p><img loading=\"lazy\" decoding=\"async\" width=\"768\" height=\"536\" src=\"https:\/\/www.europesays.com\/pt\/wp-content\/uploads\/2025\/11\/WhatsApp-Image-2025-11-10-at-17.46.58-1-1-768x536.jpeg\" alt=\"\" class=\"wp-image-689611\" style=\"width:840px;height:auto\"  \/>Fl\u00e1via foi eleita pelos pr\u00f3prios colegas de profiss\u00e3o (Foto: Gracy Santos\/Mar\u00edlia Not\u00edcia)<\/p>\n<p><img loading=\"lazy\" decoding=\"async\" width=\"768\" height=\"432\" src=\"https:\/\/www.europesays.com\/pt\/wp-content\/uploads\/2025\/11\/WhatsApp-Image-2025-11-11-at-13.09.50-1-768x432.jpeg\" alt=\"\" class=\"wp-image-689905\" style=\"width:838px;height:auto\"  \/>Escrit\u00f3rio de Fl\u00e1via e Rafael assina o paisagismo do edif\u00edcio Aura Powered by Porsche Consulting, da Mampei Funada (Foto: Divulga\u00e7\u00e3o)<\/p>\n<p><img loading=\"lazy\" decoding=\"async\" width=\"768\" height=\"512\" src=\"https:\/\/www.europesays.com\/pt\/wp-content\/uploads\/2025\/11\/WhatsApp-Image-2025-11-11-at-17.42.10-768x512.jpeg\" alt=\"\" class=\"wp-image-689907\" style=\"width:840px;height:auto\"  \/>Eleita tamb\u00e9m est\u00e1 por tr\u00e1s do paisagismo e interiores do Edif\u00edcio Jequitib\u00e1, da Incorporadora Acinco (Foto: Divulga\u00e7\u00e3o)<\/p>\n<p><img loading=\"lazy\" decoding=\"async\" width=\"768\" height=\"428\" src=\"https:\/\/www.europesays.com\/pt\/wp-content\/uploads\/2025\/11\/WhatsApp-Image-2025-11-11-at-17.46.51-768x428.jpeg\" alt=\"\" class=\"wp-image-689908\" style=\"width:840px;height:auto\"  \/>Paisagismo do Edif\u00edcio Cora, tamb\u00e9m da Incorporadora Acinco, \u00e9 outro que leva assinatura da dupla (Foto: Divulga\u00e7\u00e3o)<\/p>\n","protected":false},"excerpt":{"rendered":"Fl\u00e1via Fernandes Ohoseki segura o trof\u00e9u de Profissional do Ano ao lado do esposo Rafael Bonini Sentanin (Foto:&hellip;\n","protected":false},"author":2,"featured_media":149413,"comment_status":"","ping_status":"","sticky":false,"template":"","format":"standard","meta":{"footnotes":""},"categories":[144],"tags":[32585,32586,304,207,205,206,203,201,202,32587,204,32588,3765,114,115,32589,32590,23694,32591,25506,23693,32,32592,32593,33,4475,32594,32595,32596,58],"class_list":{"0":"post-149412","1":"post","2":"type-post","3":"status-publish","4":"format-standard","5":"has-post-thumbnail","7":"category-arte-e-design","8":"tag-aea-marilia","9":"tag-arquiteta-do-ano","10":"tag-arquitetura","11":"tag-arte","12":"tag-arte-e-design","13":"tag-artedesign","14":"tag-arts","15":"tag-arts-and-design","16":"tag-artsanddesign","17":"tag-bonini-ohoseki","18":"tag-design","19":"tag-edificio-aura","20":"tag-empreendedorismo","21":"tag-entertainment","22":"tag-entretenimento","23":"tag-flavia-fernandes-ohoseki","24":"tag-incorporadoras","25":"tag-interiores","26":"tag-manpei-funada","27":"tag-marilia","28":"tag-paisagismo","29":"tag-portugal","30":"tag-powered-by-porsche","31":"tag-projetos-de-alto-padrao","32":"tag-pt","33":"tag-qualidade-de-vida","34":"tag-rafael-bonini-sentanin","35":"tag-residencial-cora","36":"tag-residencial-jequitiba","37":"tag-sociedade"},"share_on_mastodon":{"url":"","error":"Validation failed: Text character limit of 500 exceeded"},"_links":{"self":[{"href":"https:\/\/www.europesays.com\/pt\/wp-json\/wp\/v2\/posts\/149412","targetHints":{"allow":["GET"]}}],"collection":[{"href":"https:\/\/www.europesays.com\/pt\/wp-json\/wp\/v2\/posts"}],"about":[{"href":"https:\/\/www.europesays.com\/pt\/wp-json\/wp\/v2\/types\/post"}],"author":[{"embeddable":true,"href":"https:\/\/www.europesays.com\/pt\/wp-json\/wp\/v2\/users\/2"}],"replies":[{"embeddable":true,"href":"https:\/\/www.europesays.com\/pt\/wp-json\/wp\/v2\/comments?post=149412"}],"version-history":[{"count":0,"href":"https:\/\/www.europesays.com\/pt\/wp-json\/wp\/v2\/posts\/149412\/revisions"}],"wp:featuredmedia":[{"embeddable":true,"href":"https:\/\/www.europesays.com\/pt\/wp-json\/wp\/v2\/media\/149413"}],"wp:attachment":[{"href":"https:\/\/www.europesays.com\/pt\/wp-json\/wp\/v2\/media?parent=149412"}],"wp:term":[{"taxonomy":"category","embeddable":true,"href":"https:\/\/www.europesays.com\/pt\/wp-json\/wp\/v2\/categories?post=149412"},{"taxonomy":"post_tag","embeddable":true,"href":"https:\/\/www.europesays.com\/pt\/wp-json\/wp\/v2\/tags?post=149412"}],"curies":[{"name":"wp","href":"https:\/\/api.w.org\/{rel}","templated":true}]}}