{"id":149416,"date":"2025-11-12T15:33:10","date_gmt":"2025-11-12T15:33:10","guid":{"rendered":"https:\/\/www.europesays.com\/pt\/149416\/"},"modified":"2025-11-12T15:33:10","modified_gmt":"2025-11-12T15:33:10","slug":"apos-decisao-do-tribunal-integrantes-do-newjeans-anunciam-retorno-a-ador","status":"publish","type":"post","link":"https:\/\/www.europesays.com\/pt\/149416\/","title":{"rendered":"Ap\u00f3s decis\u00e3o do tribunal, integrantes do NewJeans anunciam retorno \u00e0 ADOR"},"content":{"rendered":"<p>Ap\u00f3s a decis\u00e3o judicial publicada na \u00faltima semana, o <a href=\"https:\/\/recreio.com.br\/tags\/newjeans\" rel=\"nofollow noopener\" target=\"_blank\">NewJeans<\/a> anunciou seu retorno a ADOR. Primeiramente, <strong>Haerin <\/strong>e <strong>Hyein<\/strong> anunciaram a decis\u00e3o e, ap\u00f3s a dupla, <strong>Minji, Hanni <\/strong>e <strong>Danielle<\/strong> tamb\u00e9m confirmaram por meio de um comunicado seu retorno para a empresa, com a inten\u00e7\u00e3o de retomar as atividades do <a href=\"https:\/\/www.instagram.com\/newjeans_official\/\" rel=\"nofollow noopener\" target=\"_blank\">grupo.<\/a><\/p>\n<p>Antes da declara\u00e7\u00e3o de <strong>Minji<\/strong>, <strong>Hanni<\/strong> e <strong>Danielle<\/strong>, a ADOR confirmou a informa\u00e7\u00e3o sobre o retorno de <strong>Haerin<\/strong> e <strong>Hyein<\/strong>, onde disse:<\/p>\n<blockquote>\n<p>\u201cEsta \u00e9 uma declara\u00e7\u00e3o da ADOR.<br \/>Haerin e Hyein, integrantes do NewJeans, expressaram sua inten\u00e7\u00e3o de continuar suas atividades com o ADOR.<br \/>Ap\u00f3s cuidadosa considera\u00e7\u00e3o e discuss\u00f5es aprofundadas com suas fam\u00edlias, os dois membros decidiram respeitar a decis\u00e3o do tribunal e manter seus contratos de exclusividade.<br \/>A ADOR far\u00e1 o poss\u00edvel para que Haerin e Hyein possam continuar suas atividades de entretenimento sem problemas.<br \/>Pedimos o apoio caloroso dos f\u00e3s e solicitamos a todos que se abstenham de fazer especula\u00e7\u00f5es infundadas sobre os membros.<br \/>Obrigado.\u201d<\/p>\n<\/blockquote>\n<p><strong>Minji<\/strong>, <strong>Hanni<\/strong> e <strong>Danielle<\/strong> escreveram um comunicado nas redes sociais sobre o retorno e afirmaram que n\u00e3o conseguiram uma resposta da empresa, no entanto, decidiram anunciar seu retorno:<\/p>\n<blockquote>\n<p>Ap\u00f3s cuidadosa discuss\u00e3o e considera\u00e7\u00e3o, decidimos retornar ao ADOR. Uma das nossas integrantes encontra-se atualmente na Ant\u00e1rtida, e por isso o aviso atrasou, e como ainda n\u00e3o recebemos uma resposta da ADOR, estamos inevitavelmente compartilhando a nossa declara\u00e7\u00e3o separadamente.<\/p>\n<\/blockquote>\n<blockquote class=\"twitter-tweet\">\n<p dir=\"ltr\" lang=\"pt\">Em comunicado pessoal, Minji, Hanni e Danielle tamb\u00e9m anunciam retorno \u00e0 ADOR.<\/p>\n<p>\u2018Ol\u00e1, aqui s\u00e3o Minji, Hanni e Danielle.<\/p>\n<p>Ap\u00f3s cuidadosa discuss\u00e3o e considera\u00e7\u00e3o, decidimos retornar ao ADOR. Uma das nossas integrantes encontra-se atualmente na Ant\u00e1rtida, e por isso o aviso\u2026 <a href=\"https:\/\/t.co\/dKFymrxJ1d\" rel=\"nofollow\">https:\/\/t.co\/dKFymrxJ1d<\/a> <a href=\"https:\/\/t.co\/4f6zGnC1NQ\" rel=\"nofollow\">pic.twitter.com\/4f6zGnC1NQ<\/a><\/p>\n<p>\u2014 NPOMV | Zine (@npomvtt) <a href=\"https:\/\/twitter.com\/npomvtt\/status\/1988571061428875539?ref_src=twsrc%5Etfw\" rel=\"nofollow noopener\" target=\"_blank\">November 12, 2025<\/a><\/p>\n<\/blockquote>\n<p>Em resposta, a ADOR disse que est\u00e3o \u201cverificando a veracidade da inten\u00e7\u00e3o de Minji, Hanni e Danielle de retornarem\u201d.<\/p>\n<p> <strong>NewJeans e a briga com a ADOR<\/strong> <\/p>\n<p>Desde sua estreia, o <a href=\"https:\/\/newjeans.kr\/\" rel=\"nofollow noopener\" target=\"_blank\">NewJeans<\/a> chamou a aten\u00e7\u00e3o dos f\u00e3s dentro e fora da Coreia do Sul, viralizando nas redes sociais a cada lan\u00e7amento, e at\u00e9 mesmo chegando a gravar a faixa \u201cGODS\u201d para o mundial do jogo \u201cLeague of Legends\u201d. Por\u00e9m, o sucesso n\u00e3o superou uma batalha judicial de <strong>Minji, Hanni, Danielle, Haerin <\/strong>e <strong>Hyein<\/strong> contra a ADOR, uma subsidi\u00e1ria da HYBE.<\/p>\n<p>Ao final de 2024, em 28 de novembro, o grupo fez uma coletiva de imprensa emergencial declarando que estavam deixando a empresa, com alega\u00e7\u00f5es de que haviam solicitado a resolu\u00e7\u00e3o de alguns problemas, mas que n\u00e3o houve sucesso. As integrantes pediram tamb\u00e9m a reintegra\u00e7\u00e3o da ex-CEO <strong>Min Hee Jin<\/strong> na ADOR, pois ela havia sido destitu\u00edda do cargo ap\u00f3s um conflito com a <a href=\"https:\/\/en.wikipedia.org\/wiki\/Hybe_Corporation\" rel=\"nofollow noopener\" target=\"_blank\">HYBE<\/a> e isso, segundo o grupo, teria sido uma quebra de acordo de exclusividade.<\/p>\n<p>Em fevereiro deste ano, as artistas tentaram seguir como NJZ, chegando a fazer alguns eventos sem a ger\u00eancia de sua antiga empresa, e deram in\u00edcio a uma caminhada independente. No entanto, a ADOR, em dezembro do ano anterior, havia entrado com um pedido de valida\u00e7\u00e3o judicial do contrato. Com o processo correndo na justi\u00e7a, o grupo parou as atividades com ambos nomes. Segundo o Soompi, em documentos do processo obtidos pelo ve\u00edculo, o Juiz delegou que \u201cera dif\u00edcil concluir que a ADOR violou o contrato de exclusividade apenas por demitir Min Hee Jin\u201d.<\/p>\n<p>Em outro trecho, a campanha que <strong>Min Hee Jin<\/strong> realizou para comparar o grupo com o LE SSERAFIM foi citado como uma \u201cvingan\u00e7a\u201d. Sobre o caso de que um gerente da BELIFIT LAB e do grupo ILLIT teria feito coment\u00e1rios depreciativos sobre <strong>Hanni<\/strong>, o tribunal julgou inconsistente. Na manh\u00e3 desta quarta-feira (12), o grupo anunciou seu retorno para a ADOR e os pr\u00f3ximos passos ainda s\u00e3o incertos.<\/p>\n<p>\t                                            <script async src=\"https:\/\/platform.twitter.com\/widgets.js\" charset=\"utf-8\"><\/script><script async src=\"\/\/www.instagram.com\/embed.js\"><\/script><\/p>\n","protected":false},"excerpt":{"rendered":"Ap\u00f3s a decis\u00e3o judicial publicada na \u00faltima semana, o NewJeans anunciou seu retorno a ADOR. Primeiramente, Haerin e&hellip;\n","protected":false},"author":2,"featured_media":149417,"comment_status":"","ping_status":"","sticky":false,"template":"","format":"standard","meta":{"footnotes":""},"categories":[141],"tags":[28783,114,115,1688,149,150,28785,32,33],"class_list":{"0":"post-149416","1":"post","2":"type-post","3":"status-publish","4":"format-standard","5":"has-post-thumbnail","7":"category-musica","8":"tag-ador","9":"tag-entertainment","10":"tag-entretenimento","11":"tag-k-pop","12":"tag-music","13":"tag-musica","14":"tag-newjeans","15":"tag-portugal","16":"tag-pt"},"share_on_mastodon":{"url":"","error":""},"_links":{"self":[{"href":"https:\/\/www.europesays.com\/pt\/wp-json\/wp\/v2\/posts\/149416","targetHints":{"allow":["GET"]}}],"collection":[{"href":"https:\/\/www.europesays.com\/pt\/wp-json\/wp\/v2\/posts"}],"about":[{"href":"https:\/\/www.europesays.com\/pt\/wp-json\/wp\/v2\/types\/post"}],"author":[{"embeddable":true,"href":"https:\/\/www.europesays.com\/pt\/wp-json\/wp\/v2\/users\/2"}],"replies":[{"embeddable":true,"href":"https:\/\/www.europesays.com\/pt\/wp-json\/wp\/v2\/comments?post=149416"}],"version-history":[{"count":0,"href":"https:\/\/www.europesays.com\/pt\/wp-json\/wp\/v2\/posts\/149416\/revisions"}],"wp:featuredmedia":[{"embeddable":true,"href":"https:\/\/www.europesays.com\/pt\/wp-json\/wp\/v2\/media\/149417"}],"wp:attachment":[{"href":"https:\/\/www.europesays.com\/pt\/wp-json\/wp\/v2\/media?parent=149416"}],"wp:term":[{"taxonomy":"category","embeddable":true,"href":"https:\/\/www.europesays.com\/pt\/wp-json\/wp\/v2\/categories?post=149416"},{"taxonomy":"post_tag","embeddable":true,"href":"https:\/\/www.europesays.com\/pt\/wp-json\/wp\/v2\/tags?post=149416"}],"curies":[{"name":"wp","href":"https:\/\/api.w.org\/{rel}","templated":true}]}}