{"id":149418,"date":"2025-11-12T15:34:36","date_gmt":"2025-11-12T15:34:36","guid":{"rendered":"https:\/\/www.europesays.com\/pt\/149418\/"},"modified":"2025-11-12T15:34:36","modified_gmt":"2025-11-12T15:34:36","slug":"4-filmes-imperdiveis-que-chegam-ao-cinema-nesta-semana-de-novembro","status":"publish","type":"post","link":"https:\/\/www.europesays.com\/pt\/149418\/","title":{"rendered":"4 filmes imperd\u00edveis que chegam ao cinema nesta semana de novembro"},"content":{"rendered":"<p>\n                        Confira as produ\u00e7\u00f5es que chegam \u00e0s telonas nos pr\u00f3ximos dias\n                    <\/p>\n<ul class=\"article__header__author\">\n<li class=\"article__header__author__item\">\n                                                Por:<br \/>\n                                                                                    Reda\u00e7\u00e3o EdiCase \/ Portal EdiCase\n                                                                        <\/li>\n<\/ul>\n<p class=\"text\">Esta semana traz estreias e um relan\u00e7amento imperd\u00edvel para os f\u00e3s de cinema. No drama &#8220;Eddington&#8221;, Joaquin Phoenix interpreta um xerife que v\u00ea sua cidade mergulhar no caos durante a pandemia da covid-19, ao desafiar o prefeito em meio a disputas pol\u00edticas e teorias conspirat\u00f3rias.<\/p>\n<p><img loading=\"lazy\" decoding=\"async\" alt=\"A semana traz estreias e um relan\u00e7amento imperd\u00edvel para os f\u00e3s de cinema\" class=\"img-456e3dbdb9d6298936f90d699ad7cf5dc9kvvt6q\" height=\"516\" src=\"https:\/\/www.europesays.com\/pt\/wp-content\/uploads\/2025\/11\/1769135010-filme-eddington-1-1.png\"  title=\"A semana traz estreias e um relan\u00e7amento imperd\u00edvel para os f\u00e3s de cinema\" width=\"774\"\/><\/p>\n<p>A semana traz estreias e um relan\u00e7amento imperd\u00edvel para os f\u00e3s de cinema<\/p>\n<p>Foto: Reprodu\u00e7\u00e3o digital | Universal Pictures Brasil e A24 Films \/ Portal EdiCase<\/p>\n<p class=\"text\">&#8220;Harry Potter e o C\u00e1lice de Fogo&#8221; retorna \u00e0s telonas comemorando 20 anos de um dos filmes mais marcantes da saga, agora com som e imagem restaurados, convidando os f\u00e3s a reviverem o momento em que o jovem bruxo representa Hogwarts no Torneio Tribruxo, uma competi\u00e7\u00e3o lend\u00e1ria que testa os limites da magia e da coragem.<\/p>\n<p class=\"text\">A seguir, veja mais informa\u00e7\u00f5es sobre esses e outros filmes que estreiam no cinema nesta semana!\u00a0<\/p>\n<p>1. Eddington (13\/11)<\/p>\n<p><img alt=\"Em \u201cEddington\u201d, Joe Cross e Ted Garcia entram em confronto por causa das r\u00edgidas medidas de isolamento impostas no in\u00edcio da pandemia de covid-19 \" class=\"img-22d6a80574f6744ae3c0f552b01eb769kfdyevz5\" decoding=\"async\" height=\"516\" loading=\"lazy\" src=\"https:\/\/www.europesays.com\/pt\/wp-content\/uploads\/2025\/11\/445737175-filme-eddington.png\"  title=\"Em \u201cEddington\u201d, Joe Cross e Ted Garcia entram em confronto por causa das r\u00edgidas medidas de isolamento impostas no in\u00edcio da pandemia de covid-19\" width=\"774\"\/><\/p>\n<p>Em \u201cEddington\u201d, Joe Cross e Ted Garcia entram em confronto por causa das r\u00edgidas medidas de isolamento impostas no in\u00edcio da pandemia de covid-19<\/p>\n<p>Foto: Reprodu\u00e7\u00e3o digital | Universal Pictures Brasil e A24 Films \/ Portal EdiCase<\/p>\n<p class=\"text\">Durante os primeiros meses da pandemia da covid-19 em 2020, uma pequena cidade do Novo M\u00e9xico torna-se palco de uma intensa disputa <strong>pol\u00edtica<\/strong>. O xerife local, Joe Cross (Joaquin Phoenix), entra em confronto com o prefeito Ted Garcia (Pedro Pascal) por causa das r\u00edgidas medidas de isolamento impostas \u00e0 popula\u00e7\u00e3o. A diverg\u00eancia cresce at\u00e9 que o policial decide concorrer \u00e0 prefeitura, transformando a disputa em um confronto de valores.<\/p>\n<p class=\"text\">Entre manifesta\u00e7\u00f5es, teorias conspirat\u00f3rias e tens\u00f5es raciais, a comunidade se fragmenta, revelando o colapso da confian\u00e7a e o medo que domina a sociedade. Com dire\u00e7\u00e3o de Ari Aster, a trama combina drama psicol\u00f3gico e cr\u00edtica social para mostrar como o poder e a desinforma\u00e7\u00e3o moldam comportamentos em tempos de crise.<\/p>\n<p>2. Truque de Mestre &#8211; O 3\u00ba Ato (13\/11)<\/p>\n<p><img alt=\"Em \u201cTruque de Mestre \u2013 O 3\u00ba Ato\u201d, os Quatro Cavaleiros retornam para uma nova miss\u00e3o que envolve o lend\u00e1rio Diamante Cora\u00e7\u00e3o \" class=\"img-d0837fda8aacf3a99b5defd168cbaea3b6bwim6r\" decoding=\"async\" height=\"516\" loading=\"lazy\" src=\"https:\/\/www.europesays.com\/pt\/wp-content\/uploads\/2025\/11\/456569394-filme-truquedemestre3ato.png\"  title=\"Em \u201cTruque de Mestre \u2013 O 3\u00ba Ato\u201d, os Quatro Cavaleiros retornam para uma nova miss\u00e3o que envolve o lend\u00e1rio Diamante Cora\u00e7\u00e3o\" width=\"774\"\/><\/p>\n<p>Em \u201cTruque de Mestre \u2013 O 3\u00ba Ato\u201d, os Quatro Cavaleiros retornam para uma nova miss\u00e3o que envolve o lend\u00e1rio Diamante Cora\u00e7\u00e3o<\/p>\n<p>Foto: Reprodu\u00e7\u00e3o digital | PARIS FILMES \/ Portal EdiCase<\/p>\n<p class=\"text\">Os lend\u00e1rios ilusionistas, conhecidos como Os Quatro Cavaleiros, est\u00e3o de volta para um novo e arriscado desafio. Depois de desaparecerem dos holofotes, o grupo ressurge com a <strong>miss\u00e3o<\/strong> de realizar um golpe espetacular que envolve o lend\u00e1rio Diamante Cora\u00e7\u00e3o, uma joia cobi\u00e7ada por criminosos e magnatas do mundo todo.<\/p>\n<p class=\"text\">Dessa vez, os m\u00e1gicos precisam enfrentar uma poderosa antagonista que domina os bastidores do crime e da tecnologia, colocando suas habilidades de ilus\u00e3o e manipula\u00e7\u00e3o \u00e0 prova como nunca antes. Entre persegui\u00e7\u00f5es internacionais, truques imposs\u00edveis e reviravoltas surpreendentes, eles precisam provar que a verdadeira m\u00e1gica n\u00e3o est\u00e1 nas m\u00e3os, mas na mente de quem sabe controlar o jogo.<\/p>\n<p>3. O Bad Boy e Eu (13\/11)<\/p>\n<p><img alt=\"Em \u201cO Bad Boy e Eu\u201d, Dallas e Drayton enfrentam os desafios de suas realidades diferentes para ficarem juntos \" class=\"img-e764e747c2ea28c88679f1a9ca5096af3zrjl7of\" decoding=\"async\" height=\"516\" loading=\"lazy\" src=\"https:\/\/www.europesays.com\/pt\/wp-content\/uploads\/2025\/11\/180701807-filme-obadboyeeu.png\"  title=\"Em \u201cO Bad Boy e Eu\u201d, Dallas e Drayton enfrentam os desafios de suas realidades diferentes para ficarem juntos\" width=\"774\"\/><\/p>\n<p>Em \u201cO Bad Boy e Eu\u201d, Dallas e Drayton enfrentam os desafios de suas realidades diferentes para ficarem juntos<\/p>\n<p>Foto: Reprodu\u00e7\u00e3o digital | Diamond Films \/ Portal EdiCase<\/p>\n<p class=\"text\">Determinada a seguir os passos da m\u00e3e, uma talentosa bailarina que faleceu precocemente, Dallas (Siena Agudong) sonha em conquistar uma vaga na academia de dan\u00e7a mais renomada do pa\u00eds. Disciplinada e focada, ela vive para a arte e para o sonho de transformar a dor em movimento. Tudo muda quando conhece Drayton Lahey (Noah Beck), o garoto rebelde do col\u00e9gio, conhecido por seu comportamento imprevis\u00edvel e charme provocador.<\/p>\n<p class=\"text\">O <strong>encontro<\/strong> entre mundos opostos desperta uma conex\u00e3o inesperada. Aos poucos, entre ensaios, desafios e descobertas pessoais, Dallas percebe que Drayton carrega segredos que v\u00e3o muito al\u00e9m da fama de encrenqueiro. Juntos, eles enfrentam inseguran\u00e7as, julgamentos e a dif\u00edcil tarefa de se reinventar enquanto aprendem que o amor \u2014 assim como a dan\u00e7a \u2014 exige entrega, coragem e ritmo pr\u00f3prio.<\/p>\n<p>4. Harry Potter e o C\u00e1lice de Fogo (15\/11)<\/p>\n<p><img alt=\"\u201cHarry Potter e o C\u00e1lice de Fogo\u201d retorna ao cinema em uma vers\u00e3o remasterizada para celebrar os 20 anos do filme \" class=\"img-d582f24e6b10c1ab820b4a1441e5023apfpz0fhl\" decoding=\"async\" height=\"516\" loading=\"lazy\" src=\"https:\/\/www.europesays.com\/pt\/wp-content\/uploads\/2025\/11\/1193481493-harrypottereocalicedefogo.png\"  title=\"\u201cHarry Potter e o C\u00e1lice de Fogo\u201d retorna ao cinema em uma vers\u00e3o remasterizada para celebrar os 20 anos do filme\" width=\"774\"\/><\/p>\n<p>\u201cHarry Potter e o C\u00e1lice de Fogo\u201d retorna ao cinema em uma vers\u00e3o remasterizada para celebrar os 20 anos do filme<\/p>\n<p>Foto: Reprodu\u00e7\u00e3o digital | Warner Bros. \/ Portal EdiCase<\/p>\n<p class=\"text\">Duas d\u00e9cadas ap\u00f3s sua estreia em 2005, o quarto <strong>filme<\/strong> da ic\u00f4nica franquia retorna \u00e0s telonas em uma vers\u00e3o especial com som e imagem restaurados. A produ\u00e7\u00e3o marcou o amadurecimento definitivo da hist\u00f3ria, trazendo uma atmosfera mais sombria e desafiadora \u00e0 vida do jovem bruxo e seus amigos.<\/p>\n<p class=\"text\">Nesta etapa, Harry (Daniel Radcliffe) \u00e9 inesperadamente escolhido para representar Hogwarts no Torneio Tribruxo, uma competi\u00e7\u00e3o lend\u00e1ria que testa os limites da magia e da coragem. Entre drag\u00f5es, sereias e um labirinto repleto de perigos, ele se v\u00ea diante de for\u00e7as que v\u00e3o muito al\u00e9m de um simples jogo. O que come\u00e7a como uma disputa entre escolas logo se transforma em um confronto mortal, revelando o retorno do Lorde das Trevas (Ralph Fiennes) e mudando para sempre o destino do mundo m\u00e1gico.<\/p>\n","protected":false},"excerpt":{"rendered":"Confira as produ\u00e7\u00f5es que chegam \u00e0s telonas nos pr\u00f3ximos dias Por: Reda\u00e7\u00e3o EdiCase \/ Portal EdiCase Esta semana&hellip;\n","protected":false},"author":2,"featured_media":149419,"comment_status":"","ping_status":"","sticky":false,"template":"","format":"standard","meta":{"footnotes":""},"categories":[140],"tags":[114,115,147,148,146,32,33],"class_list":{"0":"post-149418","1":"post","2":"type-post","3":"status-publish","4":"format-standard","5":"has-post-thumbnail","7":"category-filmes","8":"tag-entertainment","9":"tag-entretenimento","10":"tag-film","11":"tag-filmes","12":"tag-movies","13":"tag-portugal","14":"tag-pt"},"share_on_mastodon":{"url":"https:\/\/pubeurope.com\/@pt\/115537464219516571","error":""},"_links":{"self":[{"href":"https:\/\/www.europesays.com\/pt\/wp-json\/wp\/v2\/posts\/149418","targetHints":{"allow":["GET"]}}],"collection":[{"href":"https:\/\/www.europesays.com\/pt\/wp-json\/wp\/v2\/posts"}],"about":[{"href":"https:\/\/www.europesays.com\/pt\/wp-json\/wp\/v2\/types\/post"}],"author":[{"embeddable":true,"href":"https:\/\/www.europesays.com\/pt\/wp-json\/wp\/v2\/users\/2"}],"replies":[{"embeddable":true,"href":"https:\/\/www.europesays.com\/pt\/wp-json\/wp\/v2\/comments?post=149418"}],"version-history":[{"count":0,"href":"https:\/\/www.europesays.com\/pt\/wp-json\/wp\/v2\/posts\/149418\/revisions"}],"wp:featuredmedia":[{"embeddable":true,"href":"https:\/\/www.europesays.com\/pt\/wp-json\/wp\/v2\/media\/149419"}],"wp:attachment":[{"href":"https:\/\/www.europesays.com\/pt\/wp-json\/wp\/v2\/media?parent=149418"}],"wp:term":[{"taxonomy":"category","embeddable":true,"href":"https:\/\/www.europesays.com\/pt\/wp-json\/wp\/v2\/categories?post=149418"},{"taxonomy":"post_tag","embeddable":true,"href":"https:\/\/www.europesays.com\/pt\/wp-json\/wp\/v2\/tags?post=149418"}],"curies":[{"name":"wp","href":"https:\/\/api.w.org\/{rel}","templated":true}]}}