{"id":149424,"date":"2025-11-12T15:38:12","date_gmt":"2025-11-12T15:38:12","guid":{"rendered":"https:\/\/www.europesays.com\/pt\/149424\/"},"modified":"2025-11-12T15:38:12","modified_gmt":"2025-11-12T15:38:12","slug":"fim-do-mundo-por-ia-ja-assusta-os-donos-de-big-techs-mark-zuckerberg-elon-musk-e-jeff-bezos-se-dividem-entre-bunkers-e-planos-interplanetarios","status":"publish","type":"post","link":"https:\/\/www.europesays.com\/pt\/149424\/","title":{"rendered":"\u2018Fim do mundo\u2019 por IA j\u00e1 assusta os donos de big techs? Mark Zuckerberg, Elon Musk e Jeff Bezos se dividem entre bunkers e planos interplanet\u00e1rios"},"content":{"rendered":"<p>Na fic\u00e7\u00e3o n\u00e3o faltam refer\u00eancias sobre criaturas e tecnologias que se voltaram contra seus criadores: Frankenstein, Blade Runner e O Exterminador do Futuro s\u00e3o s\u00f3 alguns exemplos. Mas parece que, fora das telas e p\u00e1ginas de livros, os <strong>donos das big techs<\/strong> j\u00e1 temem o mesmo destino.<\/p>\n<p>CONTINUA DEPOIS DA PUBLICIDADE<\/p>\n<p>CONTINUA DEPOIS DA PUBLICIDADE<\/p>\n<p>Em meio \u00e0s preocupa\u00e7\u00f5es globais com <strong>guerras<\/strong>, <strong>crises clim\u00e1ticas<\/strong> e <strong>pandemias<\/strong>, alguns bilion\u00e1rios famosos t\u00eam se preparado para um poss\u00edvel \u201cfim do mundo\u201d. Esses s\u00e3o os casos, por exemplo, de:<\/p>\n<ul class=\"wp-block-list\">\n<li><strong>Mark Zuckerberg<\/strong>, CEO da Meta;<\/li>\n<li><strong>Elon Musk<\/strong>, magnata dono de empresas como SpaceX, Tesla e X;<\/li>\n<li><strong>Jeff Bezos<\/strong>, CEO da Amazon; e<\/li>\n<li><strong>Reid Hoffman<\/strong>, cofundador do LinkedIn.<\/li>\n<\/ul>\n<p>Eles est\u00e3o construindo <strong>bunkers <\/strong>subterr\u00e2neos de luxo,<strong> ilhas privadas<\/strong> e criando at\u00e9 <strong>planos de fuga fora do planeta Terra<\/strong>.<\/p>\n<p>Por\u00e9m, al\u00e9m dos temores comuns sobre o \u201capocalipse\u201d, os bilion\u00e1rios podem ter outro motivo no radar para se preocupar: o avan\u00e7o da <strong>intelig\u00eancia artificial<\/strong>.<\/p>\n<p>Com a evolu\u00e7\u00e3o r\u00e1pida da tecnologia \u2013 impulsionada por muitos desses bilion\u00e1rios \u2013, especialistas j\u00e1 discutem a possibilidade de a intelig\u00eancia artificial alcan\u00e7ar um patamar de independ\u00eancia que pode ser um risco para os seres humanos.<\/p>\n<p>CONTINUA DEPOIS DA PUBLICIDADE<\/p>\n<p>CONTINUA DEPOIS DA PUBLICIDADE<\/p>\n<p>Esse n\u00edvel \u00e9 conhecido entre os especialistas em tecnologia como <strong>intelig\u00eancia artificial geral (AGI)<\/strong>, um ponto em que a IA se iguala ao c\u00e9rebro humano.<\/p>\n<p>O problema para pesquisadores da \u00e1rea \u00e9 a possibilidade de as m\u00e1quinas evolu\u00edrem para uma fase em que sejam aut\u00f4nomas e possam tomar decis\u00f5es sozinhas, o que poderia se tornar uma amea\u00e7a para a humanidade.<\/p>\n<p>Pode parecer enredo de filme de fic\u00e7\u00e3o cient\u00edfica, mas <strong>Eric Schmidt<\/strong>, ex-diretor executivo do Google, <strong>Craig Mundie<\/strong>, ex-diretor de estrat\u00e9gia da Microsoft, e <strong>Henry Kissinger<\/strong>, diplomata americano, acreditam que esse cen\u00e1rio \u00e9 somente uma quest\u00e3o de tempo.<\/p>\n<p>E os bilion\u00e1rios da tecnologia j\u00e1 est\u00e3o se precavendo\u2026<\/p>\n<p>CONTINUA DEPOIS DA PUBLICIDADE<\/p>\n<p>CONTINUA DEPOIS DA PUBLICIDADE<\/p>\n<p><strong>VEJA TAMB\u00c9M:<\/strong> <a href=\"https:\/\/lp.seudinheiro.com\/onde-investir-oinv03-0\/?xpromo=XD-MEL-SD-OINV03-AUDSD-X-CHLTB-CHLTB008-MKTPORTAIS\" rel=\"nofollow noopener\" target=\"_blank\">O Seu Dinheiro conversou com especialistas do mercado para conhecer as melhores oportunidades de investimento para novembro; veja<\/a><\/p>\n<p>Terrenos no Hava\u00ed, Nova Zel\u00e2ndia e alternativas espaciais: como os bilion\u00e1rios est\u00e3o se \u2018protegendo\u2019?<\/p>\n<p>Embora negue as alega\u00e7\u00f5es de criar um bunker e afirme ser apenas um \u201cpor\u00e3o\u201d, Mark Zuckerberg est\u00e1 gastando <strong>US$ 270 milh\u00f5es<\/strong> \u2013 R$ 1,4 bilh\u00e3o na cota\u00e7\u00e3o atual \u2013 para produzir um espa\u00e7o subterr\u00e2neo na ilha de <strong>Kauai, no Hava\u00ed<\/strong>, segundo apura\u00e7\u00e3o da revista americana Wired.<\/p>\n<p>O espa\u00e7o possui cerca de 5.000 metros quadrados e tem uma boa dose de luxo, equipado com salas de estar, sa\u00eddas de emerg\u00eancia, portas \u00e0 prova de som e estoque de alimentos capaz de encher <strong>800 campos de futebol<\/strong>.<\/p>\n<p>Mas o dono da Meta n\u00e3o \u00e9 o \u00fanico bilion\u00e1rio a investir nesse tipo de ref\u00fagio. Segundo Reid Hoffman, cofundador do LinkedIn, metade dos super-ricos possui um \u201cseguro contra o apocalipse\u201d que envolve a compra de im\u00f3veis em locais como o Hava\u00ed e a Nova Zel\u00e2ndia.<\/p>\n<p>CONTINUA DEPOIS DA PUBLICIDADE<\/p>\n<p>CONTINUA DEPOIS DA PUBLICIDADE<\/p>\n<p>E as alternativas v\u00e3o muito al\u00e9m do campo terrestre. Elon Musk e Jeff Bezos, por exemplo, j\u00e1 levam os planos para a <strong>explora\u00e7\u00e3o espacial<\/strong>.<\/p>\n<p>O dono da SpaceX e homem mais rico do mundo frequentemente defende a coloniza\u00e7\u00e3o humana de Marte.<\/p>\n<p>Para ele, o planeta tende a ser uma alternativa para a preserva\u00e7\u00e3o da humanidade e tem investido nesse projeto a partir de sua empresa. Por isso, o bilion\u00e1rio planeja levar pessoas para Marte em voos do<strong> foguete Starship<\/strong> a partir de 2029, segundo an\u00fancio deste ano na rede social X (antigo Twitter).<\/p>\n<p>O CEO da Amazon tamb\u00e9m conta com uma estrat\u00e9gia interplanet\u00e1ria. Al\u00e9m de \u201cchef\u00e3o\u201d do maior e-commerce do mundo, Bezos tamb\u00e9m est\u00e1 \u00e0 frente da startup <strong>Blue Origin<\/strong>, empresa espacial concorrente da SpaceX.<\/p>\n<p>CONTINUA DEPOIS DA PUBLICIDADE<\/p>\n<p>CONTINUA DEPOIS DA PUBLICIDADE<\/p>\n<p>Uma das apostas recentes de Jeff Bezos para avan\u00e7ar na habita\u00e7\u00e3o de humanos no espa\u00e7o foi a tentativa de lan\u00e7amento do <strong>foguete New Glenn<\/strong> no \u00faltimo domingo (9).<\/p>\n<p>Embora o voo tenha sido adiado devido ao clima, a nave de <strong>97,5 metros<\/strong> tem o objetivo de levar sondas para fazer pesquisas atmosf\u00e9ricas em Marte em parceria com a NASA. Segundo o CEO da empresa, em duas d\u00e9cadas haver\u00e1 milh\u00f5es de pessoas vivendo no espa\u00e7o.<\/p>\n<p><strong>SAIBA MAIS: <\/strong>Investir com intelig\u00eancia come\u00e7a com boa informa\u00e7\u00e3o: <a href=\"https:\/\/lp.seudinheiro.com\/relatorios-btg-pactual-btg02-a\/?xpromo=XD-MEL-SD-BTG02-AUDSD-X-CHLTB-CHLTB012-MKTPORTAIS\" rel=\"nofollow noopener\" target=\"_blank\">Veja as recomenda\u00e7\u00f5es do BTG Pactual liberadas gratuitamente pelo Seu Dinheiro<\/a><\/p>\n<p>O tema ainda divide opini\u00f5es \u2013 h\u00e1 motivo para se preocupar?<\/p>\n<p>A cria\u00e7\u00e3o de bunkers ou um plano de fuga da Terra ainda s\u00e3o uma realidade bem distante para quem est\u00e1 fora da lista de bilion\u00e1rios globais.<\/p>\n<p>CONTINUA DEPOIS DA PUBLICIDADE<\/p>\n<p>CONTINUA DEPOIS DA PUBLICIDADE<\/p>\n<p>Mas para o al\u00edvio dos meros mortais, a ideia de \u201cfim do mundo\u201d causado pelo avan\u00e7o da intelig\u00eancia artificial <strong>pode ser um exagero<\/strong>.<\/p>\n<p>Para <strong>Neil Lawrance<\/strong>, professor de aprendizado de m\u00e1quina na Universidade de Cambridge, a preocupa\u00e7\u00e3o com a intelig\u00eancia artificial geral \u2013 aquela que pode ser uma amea\u00e7a para os humanos \u2013 \u00e9 absurda.<\/p>\n<p>Al\u00e9m disso, mesmo com a evolu\u00e7\u00e3o da intelig\u00eancia das m\u00e1quinas, o c\u00e9rebro humano ainda se destaca com mais de 86 bilh\u00f5es de neur\u00f4nios e 600 trilh\u00f5es de sinapses, muito mais que os concorrentes artificiais.<\/p>\n<p>\u00c9 ineg\u00e1vel que o tema ainda divide opini\u00f5es e n\u00e3o se sabe ainda se a preocupa\u00e7\u00e3o pode se tornar realidade ou vai continuar s\u00f3 no escopo da <strong>fic\u00e7\u00e3o cient\u00edfica<\/strong>.<\/p>\n<p>CONTINUA DEPOIS DA PUBLICIDADE<\/p>\n<p>CONTINUA DEPOIS DA PUBLICIDADE<\/p>\n<p>Ainda assim, mesmo os mais imersos no assunto t\u00eam d\u00favidas, como \u00e9 o caso de Vince Lynch, CEO da empresa americana de software IV.AI. Perguntado se a intelig\u00eancia artificial geral pode se tornar realidade e virar um risco, ele afirma: \u201ceu realmente n\u00e3o sei\u201d.<\/p>\n<p>Com informa\u00e7\u00f5es de BBC, Exame e Estad\u00e3o.<\/p>\n<p>CONTINUA DEPOIS DA PUBLICIDADE<\/p>\n<p>CONTINUA DEPOIS DA PUBLICIDADE<\/p>\n","protected":false},"excerpt":{"rendered":"Na fic\u00e7\u00e3o n\u00e3o faltam refer\u00eancias sobre criaturas e tecnologias que se voltaram contra seus criadores: Frankenstein, Blade Runner&hellip;\n","protected":false},"author":2,"featured_media":149425,"comment_status":"","ping_status":"","sticky":false,"template":"","format":"standard","meta":{"footnotes":""},"categories":[84],"tags":[5845,109,107,108,584,13265,9960,9824,32,33,105,103,104,106,110,3022],"class_list":{"0":"post-149424","1":"post","2":"type-post","3":"status-publish","4":"format-standard","5":"has-post-thumbnail","7":"category-ciencia-e-tecnologia","8":"tag-canal-whatsapp","9":"tag-ciencia","10":"tag-ciencia-e-tecnologia","11":"tag-cienciaetecnologia","12":"tag-elon-musk","13":"tag-inteligencia-artificial-ia","14":"tag-jeff-bezos","15":"tag-mark-zuckerberg","16":"tag-portugal","17":"tag-pt","18":"tag-science","19":"tag-science-and-technology","20":"tag-scienceandtechnology","21":"tag-technology","22":"tag-tecnologia","23":"tag-trends"},"share_on_mastodon":{"url":"https:\/\/pubeurope.com\/@pt\/115537477983286968","error":""},"_links":{"self":[{"href":"https:\/\/www.europesays.com\/pt\/wp-json\/wp\/v2\/posts\/149424","targetHints":{"allow":["GET"]}}],"collection":[{"href":"https:\/\/www.europesays.com\/pt\/wp-json\/wp\/v2\/posts"}],"about":[{"href":"https:\/\/www.europesays.com\/pt\/wp-json\/wp\/v2\/types\/post"}],"author":[{"embeddable":true,"href":"https:\/\/www.europesays.com\/pt\/wp-json\/wp\/v2\/users\/2"}],"replies":[{"embeddable":true,"href":"https:\/\/www.europesays.com\/pt\/wp-json\/wp\/v2\/comments?post=149424"}],"version-history":[{"count":0,"href":"https:\/\/www.europesays.com\/pt\/wp-json\/wp\/v2\/posts\/149424\/revisions"}],"wp:featuredmedia":[{"embeddable":true,"href":"https:\/\/www.europesays.com\/pt\/wp-json\/wp\/v2\/media\/149425"}],"wp:attachment":[{"href":"https:\/\/www.europesays.com\/pt\/wp-json\/wp\/v2\/media?parent=149424"}],"wp:term":[{"taxonomy":"category","embeddable":true,"href":"https:\/\/www.europesays.com\/pt\/wp-json\/wp\/v2\/categories?post=149424"},{"taxonomy":"post_tag","embeddable":true,"href":"https:\/\/www.europesays.com\/pt\/wp-json\/wp\/v2\/tags?post=149424"}],"curies":[{"name":"wp","href":"https:\/\/api.w.org\/{rel}","templated":true}]}}