{"id":149430,"date":"2025-11-12T15:43:13","date_gmt":"2025-11-12T15:43:13","guid":{"rendered":"https:\/\/www.europesays.com\/pt\/149430\/"},"modified":"2025-11-12T15:43:13","modified_gmt":"2025-11-12T15:43:13","slug":"chuva-intensa-provoca-inundacoes-em-varios-pontos-de-viana-do-castelo","status":"publish","type":"post","link":"https:\/\/www.europesays.com\/pt\/149430\/","title":{"rendered":"Chuva intensa provoca inunda\u00e7\u00f5es em v\u00e1rios pontos de Viana do Castelo"},"content":{"rendered":"<p data-remotead-prev-elm=\"true\" data-remotead-elm-id=\"inread\">Segundo fonte do Comando Sub-Regional de Emerg\u00eancia e Prote\u00e7\u00e3o Civil do Alto Minho, o acesso por baixo da ponte Eiffel, que habitualmente costuma alagar quando chove com maior intensidade, est\u00e1 cortado ao tr\u00e2nsito desde 8.30 horas, devido \u00e0 acumula\u00e7\u00e3o de \u00e1gua.<\/p>\n<p><img decoding=\"async\" class=\"ngx-body\" guid=\"870d493b-2553-4b13-af1e-478c66385688\" src=\"https:\/\/www.europesays.com\/pt\/wp-content\/uploads\/2025\/11\/1762962193_699_image.jpg\" width=\"100%\"\/>Foto: Clube de T\u00e9nis de Viana do Castelo<\/p>\n<p>No local est\u00e3o, meios dos Bombeiros Sapadores de Viana do Castelo e da PSP. A inunda\u00e7\u00e3o afeta tamb\u00e9m os arruamentos em torno do Clube de T\u00e9nis e Pousada da Juventude de Viana do Castelo. De acordo com a mesma fonte, h\u00e1 ainda outros pontos da cidade onde se registou alagamento da via p\u00fablica, mas sem implica\u00e7\u00f5es de maior na circula\u00e7\u00e3o rodovi\u00e1ria.<\/p>\n","protected":false},"excerpt":{"rendered":"Segundo fonte do Comando Sub-Regional de Emerg\u00eancia e Prote\u00e7\u00e3o Civil do Alto Minho, o acesso por baixo da&hellip;\n","protected":false},"author":2,"featured_media":149431,"comment_status":"","ping_status":"","sticky":false,"template":"","format":"standard","meta":{"footnotes":""},"categories":[10],"tags":[27,28,21514,15,16,14,9412,25,26,21,22,8532,12,13,19,20,32,23,24,33,17,18,29,30,31],"class_list":{"0":"post-149430","1":"post","2":"type-post","3":"status-publish","4":"format-standard","5":"has-post-thumbnail","7":"category-portugal","8":"tag-breaking-news","9":"tag-breakingnews","10":"tag-concelho-viana-do-castelo","11":"tag-featured-news","12":"tag-featurednews","13":"tag-headlines","14":"tag-inundacoes","15":"tag-latest-news","16":"tag-latestnews","17":"tag-main-news","18":"tag-mainnews","19":"tag-mau-tempo","20":"tag-news","21":"tag-noticias","22":"tag-noticias-principais","23":"tag-noticiasprincipais","24":"tag-portugal","25":"tag-principais-noticias","26":"tag-principaisnoticias","27":"tag-pt","28":"tag-top-stories","29":"tag-topstories","30":"tag-ultimas","31":"tag-ultimas-noticias","32":"tag-ultimasnoticias"},"share_on_mastodon":{"url":"https:\/\/pubeurope.com\/@pt\/115537497609272080","error":""},"_links":{"self":[{"href":"https:\/\/www.europesays.com\/pt\/wp-json\/wp\/v2\/posts\/149430","targetHints":{"allow":["GET"]}}],"collection":[{"href":"https:\/\/www.europesays.com\/pt\/wp-json\/wp\/v2\/posts"}],"about":[{"href":"https:\/\/www.europesays.com\/pt\/wp-json\/wp\/v2\/types\/post"}],"author":[{"embeddable":true,"href":"https:\/\/www.europesays.com\/pt\/wp-json\/wp\/v2\/users\/2"}],"replies":[{"embeddable":true,"href":"https:\/\/www.europesays.com\/pt\/wp-json\/wp\/v2\/comments?post=149430"}],"version-history":[{"count":0,"href":"https:\/\/www.europesays.com\/pt\/wp-json\/wp\/v2\/posts\/149430\/revisions"}],"wp:featuredmedia":[{"embeddable":true,"href":"https:\/\/www.europesays.com\/pt\/wp-json\/wp\/v2\/media\/149431"}],"wp:attachment":[{"href":"https:\/\/www.europesays.com\/pt\/wp-json\/wp\/v2\/media?parent=149430"}],"wp:term":[{"taxonomy":"category","embeddable":true,"href":"https:\/\/www.europesays.com\/pt\/wp-json\/wp\/v2\/categories?post=149430"},{"taxonomy":"post_tag","embeddable":true,"href":"https:\/\/www.europesays.com\/pt\/wp-json\/wp\/v2\/tags?post=149430"}],"curies":[{"name":"wp","href":"https:\/\/api.w.org\/{rel}","templated":true}]}}