{"id":149440,"date":"2025-11-12T15:58:07","date_gmt":"2025-11-12T15:58:07","guid":{"rendered":"https:\/\/www.europesays.com\/pt\/149440\/"},"modified":"2025-11-12T15:58:07","modified_gmt":"2025-11-12T15:58:07","slug":"tom-felton-e-ovacionado-ao-reviver-draco-malfoy-em-harry-potter-apos-14-anos-veja-como-ele-esta","status":"publish","type":"post","link":"https:\/\/www.europesays.com\/pt\/149440\/","title":{"rendered":"Tom Felton \u00e9 ovacionado ao reviver Draco Malfoy em Harry Potter ap\u00f3s 14 anos; veja como ele est\u00e1"},"content":{"rendered":"\n<p class=\" content-text__container theme-color-primary-first-letter\" data-track-category=\"Link no Texto\" data-track-links=\"\"> Draco Malfoy est\u00e1 de volta! Ap\u00f3s 14 anos do \u00faltimo filme da franquia de &#8220;Harry Potter&#8221; estrear nas telonas, Tom Felton volta a viver o ic\u00f4nico personagem na fic\u00e7\u00e3o. Ele estreou na \u00faltima ter\u00e7a-feira (11) na pe\u00e7a &#8220;Harry Potter and the Cursed Child&#8221;, da Broadway, e foi ovacionado pela plateia. Assim que entrou em cena, o artista precisou ficar em sil\u00eancio por uns minutos, ouvindo muitos aplausos e gritos. <\/p>\n","protected":false},"excerpt":{"rendered":"Draco Malfoy est\u00e1 de volta! Ap\u00f3s 14 anos do \u00faltimo filme da franquia de &#8220;Harry Potter&#8221; estrear nas&hellip;\n","protected":false},"author":2,"featured_media":149441,"comment_status":"","ping_status":"","sticky":false,"template":"","format":"standard","meta":{"footnotes":""},"categories":[140],"tags":[114,115,147,148,146,32,33],"class_list":{"0":"post-149440","1":"post","2":"type-post","3":"status-publish","4":"format-standard","5":"has-post-thumbnail","7":"category-filmes","8":"tag-entertainment","9":"tag-entretenimento","10":"tag-film","11":"tag-filmes","12":"tag-movies","13":"tag-portugal","14":"tag-pt"},"share_on_mastodon":{"url":"https:\/\/pubeurope.com\/@pt\/115537556632989314","error":""},"_links":{"self":[{"href":"https:\/\/www.europesays.com\/pt\/wp-json\/wp\/v2\/posts\/149440","targetHints":{"allow":["GET"]}}],"collection":[{"href":"https:\/\/www.europesays.com\/pt\/wp-json\/wp\/v2\/posts"}],"about":[{"href":"https:\/\/www.europesays.com\/pt\/wp-json\/wp\/v2\/types\/post"}],"author":[{"embeddable":true,"href":"https:\/\/www.europesays.com\/pt\/wp-json\/wp\/v2\/users\/2"}],"replies":[{"embeddable":true,"href":"https:\/\/www.europesays.com\/pt\/wp-json\/wp\/v2\/comments?post=149440"}],"version-history":[{"count":0,"href":"https:\/\/www.europesays.com\/pt\/wp-json\/wp\/v2\/posts\/149440\/revisions"}],"wp:featuredmedia":[{"embeddable":true,"href":"https:\/\/www.europesays.com\/pt\/wp-json\/wp\/v2\/media\/149441"}],"wp:attachment":[{"href":"https:\/\/www.europesays.com\/pt\/wp-json\/wp\/v2\/media?parent=149440"}],"wp:term":[{"taxonomy":"category","embeddable":true,"href":"https:\/\/www.europesays.com\/pt\/wp-json\/wp\/v2\/categories?post=149440"},{"taxonomy":"post_tag","embeddable":true,"href":"https:\/\/www.europesays.com\/pt\/wp-json\/wp\/v2\/tags?post=149440"}],"curies":[{"name":"wp","href":"https:\/\/api.w.org\/{rel}","templated":true}]}}