{"id":149460,"date":"2025-11-12T16:12:28","date_gmt":"2025-11-12T16:12:28","guid":{"rendered":"https:\/\/www.europesays.com\/pt\/149460\/"},"modified":"2025-11-12T16:12:28","modified_gmt":"2025-11-12T16:12:28","slug":"viviane-araujo-e-eduardo-moscovis-entram-em-tres-gracas-saiba-quando-e-quem-vao-interpretar","status":"publish","type":"post","link":"https:\/\/www.europesays.com\/pt\/149460\/","title":{"rendered":"Viviane Ara\u00fajo e Eduardo Moscovis entram em &#8216;Tr\u00eas Gra\u00e7as&#8217;; saiba quando e quem v\u00e3o interpretar"},"content":{"rendered":"<p>\n                        A chegada dos atores na trama acontece no in\u00edcio do ano que vem e deve movimentar a trama da novela que ocupa a faixa das 21h na TV Globo\n                    <\/p>\n<p class=\"text\">Em janeiro de 2026, os atores <b>Eduardo Moscovis<\/b> e <b>Viviane Ara\u00fajo<\/b> devem entrar na trama de <b>Tr\u00eas Gra\u00e7as<\/b>, novela que ocupa a faixa das 21h na <b>TV Globo<\/b>.<\/p>\n<p><img loading=\"lazy\" decoding=\"async\" alt=\"Viviane Ara\u00fajo e Eduardo Moscovis entram para a trama de 'Tr\u00eas Gra\u00e7as'\" class=\"img-a0d6236e87dc4e8ccac82ba7bf40b209d2syoi5c\" height=\"477\" src=\"https:\/\/www.europesays.com\/pt\/wp-content\/uploads\/2025\/11\/202001902-aj7wqlxnxngxxng2fqkt24b52e.jpg\"  title=\"Viviane Ara\u00fajo e Eduardo Moscovis entram para a trama de 'Tr\u00eas Gra\u00e7as'\" width=\"774\"\/><\/p>\n<p>Viviane Ara\u00fajo e Eduardo Moscovis entram para a trama de &#8216;Tr\u00eas Gra\u00e7as&#8217;<\/p>\n<p>Foto: @araujovivianne \/ @eduardomoscovisrj via Instagram \/ Estad\u00e3o<\/p>\n<p class=\"text\">Moscovis chega para interpretar Rog\u00e9rio, marido de Arminda (<b>Grazi Massafera<\/b>). Supostamente, ele morreu em uma explos\u00e3o de lancha, ocorrida tr\u00eas anos antes do tempo atual da novela.<\/p>\n<p class=\"text\">O desaparecimento do personagem \u00e9 um dos grandes enigmas do folhetim. Primeiro, ele aparecer\u00e1 em flashbacks e depois chegar\u00e1 na trama em definitivo, mostrando que est\u00e1 vivo.<\/p>\n<p class=\"text\">De acordo com a coluna Play, do jornal O Globo, o ressurgimento de Rog\u00e9rio acontecer\u00e1 por volta do cap\u00edtulo 80 que deve ir ao ar no dia 20 de janeiro.<\/p>\n<p class=\"text\">A mesma coluna de O Globo apontou que, nesta semana, Viviane Ara\u00fajo tamb\u00e9m fechou contrato com a emissora para integrar o elenco de Tr\u00eas Gra\u00e7as.<\/p>\n<p class=\"text\">O seu papel na trama est\u00e1 sendo desenvolvido a partir de um grupo de discuss\u00e3o, mas a ideia \u00e9 que ela surja como um antigo amor de Misael, interpretado por <b>Belo<\/b>, ex-marido de Viviane Ara\u00fajo na vida real.<\/p>\n<p class=\"text\">A previs\u00e3o \u00e9 que a atriz entre para a trama por volta do cap\u00edtulo 90, que deve ir ao ar no dia 31 de janeiro.<\/p>\n<p class=\"text\">O <b>Estad\u00e3o<\/b> procurou a TV Globo para confirmar as informa\u00e7\u00f5es, mas at\u00e9 o momento n\u00e3o obteve retorno.<\/p>\n","protected":false},"excerpt":{"rendered":"A chegada dos atores na trama acontece no in\u00edcio do ano que vem e deve movimentar a trama&hellip;\n","protected":false},"author":2,"featured_media":149461,"comment_status":"","ping_status":"","sticky":false,"template":"","format":"standard","meta":{"footnotes":""},"categories":[142],"tags":[4393,114,115,32,33,4982,28250,151,32597],"class_list":{"0":"post-149460","1":"post","2":"type-post","3":"status-publish","4":"format-standard","5":"has-post-thumbnail","7":"category-tv","8":"tag-eduardo-moscovis","9":"tag-entertainment","10":"tag-entretenimento","11":"tag-portugal","12":"tag-pt","13":"tag-rede-globo","14":"tag-tres-gracas-telenovela","15":"tag-tv","16":"tag-viviane-araujo"},"share_on_mastodon":{"url":"https:\/\/pubeurope.com\/@pt\/115537611736075002","error":""},"_links":{"self":[{"href":"https:\/\/www.europesays.com\/pt\/wp-json\/wp\/v2\/posts\/149460","targetHints":{"allow":["GET"]}}],"collection":[{"href":"https:\/\/www.europesays.com\/pt\/wp-json\/wp\/v2\/posts"}],"about":[{"href":"https:\/\/www.europesays.com\/pt\/wp-json\/wp\/v2\/types\/post"}],"author":[{"embeddable":true,"href":"https:\/\/www.europesays.com\/pt\/wp-json\/wp\/v2\/users\/2"}],"replies":[{"embeddable":true,"href":"https:\/\/www.europesays.com\/pt\/wp-json\/wp\/v2\/comments?post=149460"}],"version-history":[{"count":0,"href":"https:\/\/www.europesays.com\/pt\/wp-json\/wp\/v2\/posts\/149460\/revisions"}],"wp:featuredmedia":[{"embeddable":true,"href":"https:\/\/www.europesays.com\/pt\/wp-json\/wp\/v2\/media\/149461"}],"wp:attachment":[{"href":"https:\/\/www.europesays.com\/pt\/wp-json\/wp\/v2\/media?parent=149460"}],"wp:term":[{"taxonomy":"category","embeddable":true,"href":"https:\/\/www.europesays.com\/pt\/wp-json\/wp\/v2\/categories?post=149460"},{"taxonomy":"post_tag","embeddable":true,"href":"https:\/\/www.europesays.com\/pt\/wp-json\/wp\/v2\/tags?post=149460"}],"curies":[{"name":"wp","href":"https:\/\/api.w.org\/{rel}","templated":true}]}}