{"id":149480,"date":"2025-11-12T16:26:44","date_gmt":"2025-11-12T16:26:44","guid":{"rendered":"https:\/\/www.europesays.com\/pt\/149480\/"},"modified":"2025-11-12T16:26:44","modified_gmt":"2025-11-12T16:26:44","slug":"secret-story-mae-de-pedro-jorge-quer-ter-conversa-com-marisa-vamos-ter-de-por-pontos-nos-is","status":"publish","type":"post","link":"https:\/\/www.europesays.com\/pt\/149480\/","title":{"rendered":"Secret Story&#8221;. M\u00e3e de Pedro Jorge quer ter conversa com Marisa: &#8220;Vamos ter de p\u00f4r pontos nos is"},"content":{"rendered":"<p>Alguns comportamentos de Marisa Pires, na nona edi\u00e7\u00e3o de &#8220;Secret Story &#8211; Casa dos Segredos&#8221;, t\u00eam provocado d\u00favidas na m\u00e3e de <a href=\"https:\/\/selfie.iol.pt\/famosos\/casa-dos-segredos-9\/secret-story-equipa-de-pedro-jorge-reage-a-conquista-mas-deixa-alerta-marcante\/20251107\/690e36bdd34e3caad84b0a28\" target=\"_blank\" rel=\"nofollow noopener\">Pedro Jorge<\/a>.<\/p>\n<p>&#8220;N\u00e3o reconhe\u00e7o a Marisa desta forma. N\u00e3o reconhe\u00e7o. N\u00e3o reconhe\u00e7o a Marisa como a nora que eu conhecia. N\u00e3o consigo identific\u00e1-la&#8221;, assumiu Regina Geraldes, acrescentando: &#8220;Isto \u00e9 um jogo e acredito que, realmente, ela esteja a jogar e a dar as cartas necess\u00e1rias para poder atingir o seu objetivo.&#8221;<\/p>\n<p>Tamb\u00e9m nos bastidores da mais recente gala do reality show da <a href=\"https:\/\/tvi.iol.pt\/\" target=\"_blank\" rel=\"nofollow noopener\">TVI<\/a>, a progenitora de Pedro Jorge manifestou a vontade de ter uma conversa com Marisa Pires, aquando da sa\u00edda da nora da casa mais vigiada do Pa\u00eds: &#8220;Vamos ter de p\u00f4r alguns pontos nos is e realmente saber se o que ela disse foi mesmo da boca para fora ou se realmente foi algo sentido.&#8221; E o que gostaria de dizer ao filho? &#8220;Que o amo. \u00c9 o que tenho para lhe dizer. Que o amo&#8221;, insistiu, numa reportagem transmitida, esta segunda-feira, dia 10, no programa &#8220;Extra&#8221;.<\/p>\n<p>Veja, agora, o v\u00eddeo com as declara\u00e7\u00f5es da m\u00e3e de <a href=\"https:\/\/selfie.iol.pt\/famosos\/casa-dos-segredos-9\/que-coincidencia-antes-de-secret-story-pedro-jorge-deixou-mensagem-enigmatica-sobre-ciumes-e-marisa-respondeu\/20251107\/690e4872d34e3caad84b0aec\" target=\"_blank\" rel=\"nofollow noopener\">Pedro Jorge<\/a> \u00e0 margem da gala de &#8220;<a href=\"https:\/\/tvi.iol.pt\/secretstory\/\" target=\"_blank\" rel=\"nofollow noopener\">Secret Story<\/a> &#8211; Casa dos Segredos&#8221;.<\/p>\n","protected":false},"excerpt":{"rendered":"Alguns comportamentos de Marisa Pires, na nona edi\u00e7\u00e3o de &#8220;Secret Story &#8211; Casa dos Segredos&#8221;, t\u00eam provocado d\u00favidas&hellip;\n","protected":false},"author":2,"featured_media":139906,"comment_status":"","ping_status":"","sticky":false,"template":"","format":"standard","meta":{"footnotes":""},"categories":[142],"tags":[2632,13471,6338,328,114,115,20987,980,8204,19184,21766,619,14646,21416,32,33,1014,31228,31658,1315,6985,16687,16686,1012,6986,16688,151,162],"class_list":{"0":"post-149480","1":"post","2":"type-post","3":"status-publish","4":"format-standard","5":"has-post-thumbnail","7":"category-tv","8":"tag-casa-dos-segredos","9":"tag-casa-dos-segredos-9","10":"tag-concorrente","11":"tag-concorrentes","12":"tag-entertainment","13":"tag-entretenimento","14":"tag-extra","15":"tag-famosos","16":"tag-mae","17":"tag-marisa","18":"tag-marisa-pires","19":"tag-nacional","20":"tag-pedro","21":"tag-pedro-jorge","22":"tag-portugal","23":"tag-pt","24":"tag-reality-show","25":"tag-regina","26":"tag-regina-geraldes","27":"tag-secret-story","28":"tag-secret-story-casa-dos-segredos","29":"tag-secret-story-casa-dos-segredos-9","30":"tag-secret-story-9","31":"tag-selfie","32":"tag-ss","33":"tag-ss9","34":"tag-tv","35":"tag-tvi"},"share_on_mastodon":{"url":"https:\/\/pubeurope.com\/@pt\/115537666575615535","error":""},"_links":{"self":[{"href":"https:\/\/www.europesays.com\/pt\/wp-json\/wp\/v2\/posts\/149480","targetHints":{"allow":["GET"]}}],"collection":[{"href":"https:\/\/www.europesays.com\/pt\/wp-json\/wp\/v2\/posts"}],"about":[{"href":"https:\/\/www.europesays.com\/pt\/wp-json\/wp\/v2\/types\/post"}],"author":[{"embeddable":true,"href":"https:\/\/www.europesays.com\/pt\/wp-json\/wp\/v2\/users\/2"}],"replies":[{"embeddable":true,"href":"https:\/\/www.europesays.com\/pt\/wp-json\/wp\/v2\/comments?post=149480"}],"version-history":[{"count":0,"href":"https:\/\/www.europesays.com\/pt\/wp-json\/wp\/v2\/posts\/149480\/revisions"}],"wp:featuredmedia":[{"embeddable":true,"href":"https:\/\/www.europesays.com\/pt\/wp-json\/wp\/v2\/media\/139906"}],"wp:attachment":[{"href":"https:\/\/www.europesays.com\/pt\/wp-json\/wp\/v2\/media?parent=149480"}],"wp:term":[{"taxonomy":"category","embeddable":true,"href":"https:\/\/www.europesays.com\/pt\/wp-json\/wp\/v2\/categories?post=149480"},{"taxonomy":"post_tag","embeddable":true,"href":"https:\/\/www.europesays.com\/pt\/wp-json\/wp\/v2\/tags?post=149480"}],"curies":[{"name":"wp","href":"https:\/\/api.w.org\/{rel}","templated":true}]}}