{"id":149505,"date":"2025-11-12T16:48:43","date_gmt":"2025-11-12T16:48:43","guid":{"rendered":"https:\/\/www.europesays.com\/pt\/149505\/"},"modified":"2025-11-12T16:48:43","modified_gmt":"2025-11-12T16:48:43","slug":"por-que-motivo-o-japao-vai-limitar-os-localizadores-bluetooth","status":"publish","type":"post","link":"https:\/\/www.europesays.com\/pt\/149505\/","title":{"rendered":"Por que motivo o Jap\u00e3o vai limitar os localizadores Bluetooth?"},"content":{"rendered":"<p>O Governo do Jap\u00e3o aprovou um projeto de lei para limitar liga\u00e7\u00f5es atrav\u00e9s da tecnologia Bluetooth em dispositivos eletr\u00f3nicos e trackers para localizar pessoas.<\/p>\n<p><a target=\"_blank\" href=\"https:\/\/pplware.sapo.pt\/wp-content\/uploads\/2023\/07\/AirTags-kids.jpg\" onclick=\"refreshIframe()\" class=\"foobox\" rel=\"nofollow noopener\"><img fetchpriority=\"high\" decoding=\"async\" src=\"https:\/\/www.europesays.com\/pt\/wp-content\/uploads\/2025\/11\/AirTags-kids-720x405.jpg\" alt=\"Localizador, tracker. AirTag da Apple\" width=\"720\" height=\"405\" class=\"aligncenter wp-image-937625 size-medium\"  \/><\/a>\n<\/p>\n<p>Em 2021, o Jap\u00e3o proibiu o uso da tecnologia GPS para a dete\u00e7\u00e3o sem autoriza\u00e7\u00e3o de localiza\u00e7\u00f5es geogr\u00e1ficas, no \u00e2mbito de uma altera\u00e7\u00e3o \u00e0 lei sobre ass\u00e9dio.<\/p>\n<p>Contudo, o uso de localizadores com a tecnologia Bluetooth, geralmente utilizadas em objetos de valor para ajudar os utilizadores a encontr\u00e1-los, n\u00e3o foi restringido.<\/p>\n<p>V\u00e1rios criminosos t\u00eam utilizado pequenos dispositivos com esta tecnologia, colocando-os entre os pertences das suas v\u00edtimas. O objetivo \u00e9, depois, conseguirem saber mais facilmente a sua localiza\u00e7\u00e3o.<\/p>\n<p>Jap\u00e3o limita localizadores Bluetooth ap\u00f3s visar GPS<\/p>\n<p>Agora, a nova <a target=\"_blank\" href=\"https:\/\/mainichi.jp\/english\/articles\/20251111\/p2g\/00m\/0na\/038000c\" rel=\"nofollow noopener\">legisla\u00e7\u00e3o<\/a> japonesa ser\u00e1 votada em sess\u00e3o parlamentar extraordin\u00e1ria, que termina em 17 de dezembro, estando prevista a sua entrada em vigor 20 dias ap\u00f3s a sua promulga\u00e7\u00e3o.<\/p>\n<p><a target=\"_blank\" href=\"https:\/\/pplware.sapo.pt\/wp-content\/uploads\/2024\/12\/android_tracker_seguir_1.jpg\" onclick=\"refreshIframe()\" class=\"foobox\" rel=\"nofollow noopener\"><img loading=\"lazy\" decoding=\"async\" src=\"https:\/\/www.europesays.com\/pt\/wp-content\/uploads\/2025\/11\/android_tracker_seguir_1-720x405.jpg\" alt=\"\" width=\"720\" height=\"405\" class=\"aligncenter size-medium wp-image-1031233\"  \/><\/a><\/p>\n<p>O projeto de lei inclui, tamb\u00e9m, altera\u00e7\u00f5es para que a pol\u00edcia possa intervir em casos de persegui\u00e7\u00e3o (em ingl\u00eas, stalking) sem queixa da alegada v\u00edtima, bem como exigir que outros agentes, como detetives privados, n\u00e3o divulguem informa\u00e7\u00f5es pessoais de v\u00edtimas aos seus perseguidores.<\/p>\n<p>Esta decis\u00e3o surge depois da morte de uma jovem, na prov\u00edncia de Kanagawa, sul de T\u00f3quio, pelo seu ex-companheiro, que ocorreu, apesar de ela ter relatado, anteriormente, sentir-se perseguida e alvo de viol\u00eancia.<\/p>\n<p>Em 2024, as autoridades japonesas registaram 370 casos de uso criminoso de dispositivos com Bluetooth, num aumento face aos 196 em 2023.<\/p>\n","protected":false},"excerpt":{"rendered":"O Governo do Jap\u00e3o aprovou um projeto de lei para limitar liga\u00e7\u00f5es atrav\u00e9s da tecnologia Bluetooth em dispositivos&hellip;\n","protected":false},"author":2,"featured_media":149506,"comment_status":"","ping_status":"","sticky":false,"template":"","format":"standard","meta":{"footnotes":""},"categories":[83],"tags":[29357,88,89,90,461,32614,32,33],"class_list":{"0":"post-149505","1":"post","2":"type-post","3":"status-publish","4":"format-standard","5":"has-post-thumbnail","7":"category-empresas","8":"tag-bluetooth","9":"tag-business","10":"tag-economy","11":"tag-empresas","12":"tag-japao","13":"tag-localizador","14":"tag-portugal","15":"tag-pt"},"share_on_mastodon":{"url":"https:\/\/pubeurope.com\/@pt\/115537753579317333","error":""},"_links":{"self":[{"href":"https:\/\/www.europesays.com\/pt\/wp-json\/wp\/v2\/posts\/149505","targetHints":{"allow":["GET"]}}],"collection":[{"href":"https:\/\/www.europesays.com\/pt\/wp-json\/wp\/v2\/posts"}],"about":[{"href":"https:\/\/www.europesays.com\/pt\/wp-json\/wp\/v2\/types\/post"}],"author":[{"embeddable":true,"href":"https:\/\/www.europesays.com\/pt\/wp-json\/wp\/v2\/users\/2"}],"replies":[{"embeddable":true,"href":"https:\/\/www.europesays.com\/pt\/wp-json\/wp\/v2\/comments?post=149505"}],"version-history":[{"count":0,"href":"https:\/\/www.europesays.com\/pt\/wp-json\/wp\/v2\/posts\/149505\/revisions"}],"wp:featuredmedia":[{"embeddable":true,"href":"https:\/\/www.europesays.com\/pt\/wp-json\/wp\/v2\/media\/149506"}],"wp:attachment":[{"href":"https:\/\/www.europesays.com\/pt\/wp-json\/wp\/v2\/media?parent=149505"}],"wp:term":[{"taxonomy":"category","embeddable":true,"href":"https:\/\/www.europesays.com\/pt\/wp-json\/wp\/v2\/categories?post=149505"},{"taxonomy":"post_tag","embeddable":true,"href":"https:\/\/www.europesays.com\/pt\/wp-json\/wp\/v2\/tags?post=149505"}],"curies":[{"name":"wp","href":"https:\/\/api.w.org\/{rel}","templated":true}]}}