{"id":149507,"date":"2025-11-12T16:49:17","date_gmt":"2025-11-12T16:49:17","guid":{"rendered":"https:\/\/www.europesays.com\/pt\/149507\/"},"modified":"2025-11-12T16:49:17","modified_gmt":"2025-11-12T16:49:17","slug":"faife-usa-limao-e-cebola-para-ter-luz-e-nao-deixar-de-estudar","status":"publish","type":"post","link":"https:\/\/www.europesays.com\/pt\/149507\/","title":{"rendered":"Faife usa lim\u00e3o e cebola para ter luz e n\u00e3o deixar de estudar"},"content":{"rendered":"<p class=\"wp-caption-text top\"><a href=\"https:\/\/www.facebook.com\/photo\/?fbid=563787320135994&amp;set=a.187709054410491\" rel=\"nofollow external noopener noreferrer\" data-wpel-link=\"external\" target=\"_blank\" class=\"ext-link\">Faife da Costa Costa \/ Facebook<\/a><\/p>\n<p><img decoding=\"async\" loading=\"lazy\" class=\"size-kopa-image-size-3 wp-image-711052\" src=\"https:\/\/www.europesays.com\/pt\/wp-content\/uploads\/2025\/11\/7dbf20e18854ae0824ac4ecf946d85ac-783x450.jpg\" alt=\"\" width=\"700\" height=\"402\"  \/><\/p>\n<p class=\"wp-caption-text bot\">Faife da Costa gera eletricidade atrav\u00e9s de uma cebola e de um lim\u00e3o<\/p>\n<p><strong>Cansado dos cortes de energia que o impediam de estudar \u00e0 noite, Faife, aluno da 11.\u00aa classe na prov\u00edncia mo\u00e7ambicana de Nampula, decidiu fintar o destino com um projeto para gerar eletricidade com lim\u00e3o e cebola.<\/strong><\/p>\n<p><strong>Faife da Costa<\/strong>, de 21 anos, decidiu assim n\u00e3o se vencer pelas oscila\u00e7\u00f5es e cortes de energia el\u00e9trica que assola o bairro onde vive em Rib\u00e1u\u00e9, a mais de 140 quil\u00f3metros da capital da prov\u00edncia, Nampula, norte de Mo\u00e7ambique, e colocou em pr\u00e1tica o que aprendeu nas aulas.<\/p>\n<p>\u201cOs <strong>cortes de energia aconteciam quase todas as noites<\/strong>, e isso dificultava rever a mat\u00e9ria ou fazer os trabalhos de casa. Foi a\u00ed que pensei por que n\u00e3o usar aquilo que aprendo na escola para resolver um problema real\u201d, contou \u00e0 Lusa o estudante na Escola Secund\u00e1ria de Rib\u00e1u\u00e9, por entre um sorriso t\u00edmido.<\/p>\n<p>Com apenas <strong>fio de cobre e alum\u00ednio<\/strong>, o jovem montou um circuito simples, capaz de gerar eletricidade a partir da rea\u00e7\u00e3o qu\u00edmica entre o \u00e1cido c\u00edtrico do <strong>lim\u00e3o<\/strong> e as subst\u00e2ncias presentes na <strong>cebola<\/strong>.<\/p>\n<p>O resultado foi surpreendente: uma <strong>luz suficiente para iluminar o seu quarto e permitir continuar a estudar<\/strong>.<\/p>\n<p>Trata-se de uma experi\u00eancia tamb\u00e9m conhecida por <strong>pilha eletroqu\u00edmica caseira<\/strong> que gera assim uma pequena voltagem, suficiente por exemplo para alimentar uma pequena l\u00e2mpada LED.<\/p>\n<p>O projeto de Faife<\/p>\n<p>Apesar de se tratar de um projeto que, nesta fase inicial, produz apenas energia limitada, o estudante v\u00ea um grande potencial pela frente: \u201cPor enquanto a minha inven\u00e7\u00e3o serve apenas para iluminar a casa. Mas sonho em aperfei\u00e7oar o sistema para que possa tamb\u00e9m alimentar pequenos aparelhos el\u00e9tricos, como r\u00e1dios e carregadores de telem\u00f3vel\u201d.<\/p>\n<p>Por outro lado, mais do que uma solu\u00e7\u00e3o pessoal, o jovem pensa igualmente em <strong>expandir o projeto para beneficiar comunidades que ainda vivem sem corrente el\u00e9trica<\/strong>, principalmente nas regi\u00f5es mais rec\u00f4nditas da prov\u00edncia.<\/p>\n<p>\u201cH\u00e1 muitos lugares que vivem na escurid\u00e3o. Gostava que a minha ideia ajudasse essas pessoas a terem luz e a <strong>melhorarem as suas condi\u00e7\u00f5es de vida<\/strong>\u201d, afirmou.<\/p>\n<p>Entretanto, a falta de recursos e de apoio t\u00e9cnico tem sido um dos principais obst\u00e1culos. Mas mesmo assim, o jovem promete continuar firme no prop\u00f3sito de transformar o seu sonho em realidade.<\/p>\n<p>\u201cSe tivesse apoio, poderia testar novos materiais, melhorar o sistema e at\u00e9 criar um prot\u00f3tipo mais resistente e duradouro\u201d, contou, acrescentando: \u201cQuero mostrar que <strong>n\u00e3o \u00e9 preciso muito para mudar alguma coisa<\/strong>. \u00c0s vezes, basta acreditar, tentar e n\u00e3o desistir\u201d.<\/p>\n<p>Mo\u00e7ambique \u00e0s claras at\u00e9 2030<\/p>\n<p>Mo\u00e7ambique garantiu 434.289 novas liga\u00e7\u00f5es \u00e0 rede el\u00e9trica em 2025 no \u00e2mbito do Programa Energia para Todos, que est\u00e1 a permitir um crescimento anual de 7%, at\u00e9 \u00e0 <strong>cobertura total prevista para 2030<\/strong>, anunciou na ter\u00e7a-feira o Governo.<\/p>\n<p>\u201cCom a implementa\u00e7\u00e3o do programa, a taxa de liga\u00e7\u00e3o \u00e9 agora de mais de 500 mil, sendo que para 2025 j\u00e1 foram alcan\u00e7ados 434.289 novas liga\u00e7\u00f5es, o que corresponde a 72,4% da meta anual\u201d, afirmou o porta-voz da sess\u00e3o de hoje do Conselho de Ministros, <strong>Salim Val\u00e1,<\/strong> que \u00e9 tamb\u00e9m ministro da Planifica\u00e7\u00e3o e Desenvolvimento.<\/p>\n<p>A evolu\u00e7\u00e3o desta cobertura foi analisada pelo Conselho de Ministros, com Salim Val\u00e1 a explicar que a execu\u00e7\u00e3o do Programa Energia para Todos, iniciado em 2019, \u201cpermitiu assegurar um aumento m\u00e9dio de cerca de 7% da taxa de acesso\u201d, destacando que antes do lan\u00e7amento da iniciativa o n\u00famero de liga\u00e7\u00f5es anuais era inferior a 150 mil.<\/p>\n<p>O ministro afirmou ainda que a meta do programa \u00e9 alcan\u00e7ar cobertura el\u00e9trica universal at\u00e9 ao final da d\u00e9cada: \u201cO programa permitir\u00e1 aumentar o n\u00edvel de acesso para 100% at\u00e9 2030, garantindo que todos os mo\u00e7ambicanos tenham acesso \u00e0 energia el\u00e9trica\u201d.<\/p>\n<p>Mo\u00e7ambique pretende levar eletricidade a mais 600 mil casas este ano, ultrapassando as 563 mil liga\u00e7\u00f5es em 2024, segundo previs\u00f5es do Governo.<\/p>\n<p>    <a href=\"https:\/\/zap.aeiou.pt\/subscrever-newsletter\" data-wpel-link=\"internal\" rel=\"nofollow noopener\" target=\"_blank\">&#13;<br \/>\n        <img loading=\"lazy\" decoding=\"async\" class=\"aligncenter size-full wp-image-575475\" src=\"https:\/\/www.europesays.com\/pt\/wp-content\/uploads\/2025\/11\/2d51fe4a0ba54894421ead1809309ed9-1-450x140.jpg\" alt=\"Subscreva a Newsletter ZAP\" width=\"450\" height=\"140\"\/>&#13;<br \/>\n    <\/a><\/p>\n<p>                <a href=\"https:\/\/whatsapp.com\/channel\/0029VaIC4EE2f3EJZPPSbR34\" data-wpel-link=\"external\" target=\"_blank\" rel=\"nofollow external noopener noreferrer\" class=\"ext-link\">&#13;<br \/>\n                    <img loading=\"lazy\" decoding=\"async\" class=\"aligncenter size-full wp-image-575475\" src=\"https:\/\/www.europesays.com\/pt\/wp-content\/uploads\/2025\/11\/c68c559d956d4ca20f435ed74a6e71e6.png\" alt=\"Siga-nos no WhatsApp\" width=\"175\" height=\"64\"\/>&#13;<br \/>\n                <\/a><\/p>\n<p>                <a href=\"https:\/\/news.google.com\/publications\/CAAiEHRwZondIV71PDjWNoqMduEqFAgKIhB0cGaJ3SFe9Tw41jaKjHbh?hl=en-US&amp;gl=US&amp;ceid=US%3Aen\" data-wpel-link=\"external\" target=\"_blank\" rel=\"nofollow external noopener noreferrer\" class=\"ext-link\">&#13;<br \/>\n                    <img loading=\"lazy\" decoding=\"async\" class=\"aligncenter size-full wp-image-575475\" src=\"https:\/\/www.europesays.com\/pt\/wp-content\/uploads\/2025\/11\/5123dd8b087b644fdb8f8603acd1bad4.png\" alt=\"Siga-nos no Google News\" width=\"176\" height=\"64\"\/>&#13;<br \/>\n                <\/a><\/p>\n","protected":false},"excerpt":{"rendered":"Faife da Costa Costa \/ Facebook Faife da Costa gera eletricidade atrav\u00e9s de uma cebola e de um&hellip;\n","protected":false},"author":2,"featured_media":149508,"comment_status":"","ping_status":"","sticky":false,"template":"","format":"standard","meta":{"footnotes":""},"categories":[50],"tags":[32615,27,28,838,32616,15,16,14,25,26,9106,21,22,2715,62,12,13,19,20,8337,23,24,17,18,29,30,31,63,64,65],"class_list":{"0":"post-149507","1":"post","2":"type-post","3":"status-publish","4":"format-standard","5":"has-post-thumbnail","7":"category-mundo","8":"tag-bioeletronica","9":"tag-breaking-news","10":"tag-breakingnews","11":"tag-criancas","12":"tag-eletroquimica","13":"tag-featured-news","14":"tag-featurednews","15":"tag-headlines","16":"tag-latest-news","17":"tag-latestnews","18":"tag-luz","19":"tag-main-news","20":"tag-mainnews","21":"tag-mocambique","22":"tag-mundo","23":"tag-news","24":"tag-noticias","25":"tag-noticias-principais","26":"tag-noticiasprincipais","27":"tag-pobreza","28":"tag-principais-noticias","29":"tag-principaisnoticias","30":"tag-top-stories","31":"tag-topstories","32":"tag-ultimas","33":"tag-ultimas-noticias","34":"tag-ultimasnoticias","35":"tag-world","36":"tag-world-news","37":"tag-worldnews"},"share_on_mastodon":{"url":"https:\/\/pubeurope.com\/@pt\/115537757262235276","error":""},"_links":{"self":[{"href":"https:\/\/www.europesays.com\/pt\/wp-json\/wp\/v2\/posts\/149507","targetHints":{"allow":["GET"]}}],"collection":[{"href":"https:\/\/www.europesays.com\/pt\/wp-json\/wp\/v2\/posts"}],"about":[{"href":"https:\/\/www.europesays.com\/pt\/wp-json\/wp\/v2\/types\/post"}],"author":[{"embeddable":true,"href":"https:\/\/www.europesays.com\/pt\/wp-json\/wp\/v2\/users\/2"}],"replies":[{"embeddable":true,"href":"https:\/\/www.europesays.com\/pt\/wp-json\/wp\/v2\/comments?post=149507"}],"version-history":[{"count":0,"href":"https:\/\/www.europesays.com\/pt\/wp-json\/wp\/v2\/posts\/149507\/revisions"}],"wp:featuredmedia":[{"embeddable":true,"href":"https:\/\/www.europesays.com\/pt\/wp-json\/wp\/v2\/media\/149508"}],"wp:attachment":[{"href":"https:\/\/www.europesays.com\/pt\/wp-json\/wp\/v2\/media?parent=149507"}],"wp:term":[{"taxonomy":"category","embeddable":true,"href":"https:\/\/www.europesays.com\/pt\/wp-json\/wp\/v2\/categories?post=149507"},{"taxonomy":"post_tag","embeddable":true,"href":"https:\/\/www.europesays.com\/pt\/wp-json\/wp\/v2\/tags?post=149507"}],"curies":[{"name":"wp","href":"https:\/\/api.w.org\/{rel}","templated":true}]}}