{"id":149523,"date":"2025-11-12T17:02:13","date_gmt":"2025-11-12T17:02:13","guid":{"rendered":"https:\/\/www.europesays.com\/pt\/149523\/"},"modified":"2025-11-12T17:02:13","modified_gmt":"2025-11-12T17:02:13","slug":"millennium-bcp-e-nova-sbe-criam-academia-para-formar-6-500-colaboradores-do-banco-em-ia","status":"publish","type":"post","link":"https:\/\/www.europesays.com\/pt\/149523\/","title":{"rendered":"Millennium bcp e Nova SBE criam academia para formar 6.500 colaboradores do banco em IA"},"content":{"rendered":"<p>O Millennium bcp e a Nova School of Business &amp; Economics (Nova SBE) anunciaram hoje a cria\u00e7\u00e3o da Academia de Intelig\u00eancia Artificial, uma iniciativa estrat\u00e9gica que pretende dotar mais de 6.500 colaboradores do banco com compet\u00eancias em IA, com especial enfoque na IA generativa.<\/p>\n<p>O programa, denominado AI Together \u2013 Intelig\u00eancia Artificial ao Alcance de Todos, surge com o objetivo de acelerar a transforma\u00e7\u00e3o digital do setor banc\u00e1rio em Portugal, promovendo uma cultura de inova\u00e7\u00e3o, efici\u00eancia e responsabilidade no uso de tecnologias emergentes.<\/p>\n<p>\u201cVivemos um tempo de transi\u00e7\u00e3o para uma nova \u00e9poca cujos contornos gerais ainda se est\u00e3o a definir, mas onde j\u00e1 \u00e9 certo que a Intelig\u00eancia Artificial assumir\u00e1 enorme relev\u00e2ncia na forma como nos informamos, aprendemos, tomamos decis\u00f5es e sobretudo como nos organizamos para servir melhor os Clientes. No Millennium bcp utilizamos a tecnologia para capacitar as pessoas e refor\u00e7ar a cultura de rigor e de servi\u00e7o do Banco e sabemos que o sucesso requer prepara\u00e7\u00e3o. O desafio de nos prepararmos para esta nova \u00e9poca requer o envolvimento de todas as \u00e1reas do Banco, pelo que a dissemina\u00e7\u00e3o do conhecimento deve ser abrangente, inclusiva e bem alicer\u00e7ada, o que nos levou a celebrar esta parceria com a Nova SBE tendo em vista a forma\u00e7\u00e3o e o refor\u00e7o das compet\u00eancias da generalidade dos profissionais do Millennium bcp\u201d, afirmou Miguel Maya, CEO do Millennium bcp.<\/p>\n<p>O programa ser\u00e1 implementado entre 2025 e 2027 e ter\u00e1 um formato blended, combinando forma\u00e7\u00e3o online ass\u00edncrona, s\u00edncrona e presencial, adaptada a diferentes perfis profissionais, desde fun\u00e7\u00f5es operacionais at\u00e9 membros do Conselho de Administra\u00e7\u00e3o.<\/p>\n<p>\u201cEstamos a viver o in\u00edcio de uma nova revolu\u00e7\u00e3o tecnol\u00f3gica. Com esta Academia, o Millennium bcp e a Nova SBE assumem um papel de lideran\u00e7a em Portugal e na Europa, mostrando que \u00e9 poss\u00edvel conjugar inova\u00e7\u00e3o com responsabilidade e conhecimento com impacto\u201d, destaca Pedro Oliveira, Dean da Nova SBE.<\/p>\n<p>O projeto conta ainda com o apoio do Digital Data Design Institute da Nova SBE e da NOVA Medical School, afiliado do hom\u00f3nimo da Harvard Business School, refor\u00e7ando o compromisso com a excel\u00eancia<\/p>\n","protected":false},"excerpt":{"rendered":"O Millennium bcp e a Nova School of Business &amp; Economics (Nova SBE) anunciaram hoje a cria\u00e7\u00e3o da&hellip;\n","protected":false},"author":2,"featured_media":149524,"comment_status":"","ping_status":"","sticky":false,"template":"","format":"standard","meta":{"footnotes":""},"categories":[83],"tags":[88,89,90,32,33],"class_list":{"0":"post-149523","1":"post","2":"type-post","3":"status-publish","4":"format-standard","5":"has-post-thumbnail","7":"category-empresas","8":"tag-business","9":"tag-economy","10":"tag-empresas","11":"tag-portugal","12":"tag-pt"},"share_on_mastodon":{"url":"https:\/\/pubeurope.com\/@pt\/115537808304897569","error":""},"_links":{"self":[{"href":"https:\/\/www.europesays.com\/pt\/wp-json\/wp\/v2\/posts\/149523","targetHints":{"allow":["GET"]}}],"collection":[{"href":"https:\/\/www.europesays.com\/pt\/wp-json\/wp\/v2\/posts"}],"about":[{"href":"https:\/\/www.europesays.com\/pt\/wp-json\/wp\/v2\/types\/post"}],"author":[{"embeddable":true,"href":"https:\/\/www.europesays.com\/pt\/wp-json\/wp\/v2\/users\/2"}],"replies":[{"embeddable":true,"href":"https:\/\/www.europesays.com\/pt\/wp-json\/wp\/v2\/comments?post=149523"}],"version-history":[{"count":0,"href":"https:\/\/www.europesays.com\/pt\/wp-json\/wp\/v2\/posts\/149523\/revisions"}],"wp:featuredmedia":[{"embeddable":true,"href":"https:\/\/www.europesays.com\/pt\/wp-json\/wp\/v2\/media\/149524"}],"wp:attachment":[{"href":"https:\/\/www.europesays.com\/pt\/wp-json\/wp\/v2\/media?parent=149523"}],"wp:term":[{"taxonomy":"category","embeddable":true,"href":"https:\/\/www.europesays.com\/pt\/wp-json\/wp\/v2\/categories?post=149523"},{"taxonomy":"post_tag","embeddable":true,"href":"https:\/\/www.europesays.com\/pt\/wp-json\/wp\/v2\/tags?post=149523"}],"curies":[{"name":"wp","href":"https:\/\/api.w.org\/{rel}","templated":true}]}}