{"id":149525,"date":"2025-11-12T17:03:33","date_gmt":"2025-11-12T17:03:33","guid":{"rendered":"https:\/\/www.europesays.com\/pt\/149525\/"},"modified":"2025-11-12T17:03:33","modified_gmt":"2025-11-12T17:03:33","slug":"maior-teia-de-aranha-do-mundo-descoberta-na-albania-biodiversidade","status":"publish","type":"post","link":"https:\/\/www.europesays.com\/pt\/149525\/","title":{"rendered":"Maior teia de aranha do mundo descoberta na Alb\u00e2nia | Biodiversidade"},"content":{"rendered":"<p>Uma equipa de cientistas descobriu mais de 111 mil aranhas naquela que parece ser a maior teia de aranha do mundo. Numa gruta algures na fronteira entre a Alb\u00e2nia e a Gr\u00e9cia, pensa-se que a maior col\u00f3nia de aranhas alguma vez documentada tenha sido constru\u00edda numa pareceria improv\u00e1vel entre esp\u00e9cies diferentes deste animal.<\/p>\n<p>Segundo um estudo publicado pela <a href=\"https:\/\/subtbiol.pensoft.net\/article\/162344\/\" target=\"_blank\" rel=\"nofollow noopener\">revista Subterranean Biology<\/a> a 17 de Outubro, a col\u00f3nia \u201cextraordin\u00e1ria\u201d situa-se numa zona permanentemente escura da caverna de Sulfur, uma caverna que foi escavada pelo \u00e1cido sulf\u00farico formado a partir da oxida\u00e7\u00e3o do sulfureto de hidrog\u00e9nio nas \u00e1guas subterr\u00e2neas.<\/p>\n<p>A teia estende-se por 106 metros quadrados ao longo de uma passagem estreita e baixa, onde milhares de teias em forma de funil se juntam numa rede \u201ccolossal\u201d.<\/p>\n<p>\u201cO mundo natural ainda nos reserva in\u00fameras surpresas&#8221;, disse Istv\u00e1n Ur\u00e1k, professor de <a href=\"https:\/\/www.publico.pt\/biologia\" rel=\"nofollow noopener\" target=\"_blank\">Biologia <\/a>na Universidade H\u00fangara Sapientia da Transilv\u00e2nia, na Rom\u00e9nia, e autor principal do estudo, \u00e0 <a href=\"https:\/\/www.livescience.com\/animals\/spiders\/worlds-biggest-spiderweb-discovered-inside-sulfur-cave-with-111-000-arachnids-living-in-pitch-black\" target=\"_blank\" rel=\"nofollow noopener\">Live Science<\/a>. \u201cSe eu tentasse expressar em palavras todas as emo\u00e7\u00f5es que me invadiram [quando vi a teia], destacaria admira\u00e7\u00e3o, respeito e gratid\u00e3o.\u201d<\/p>\n<p>Embora os investigadores tenham revelado novas informa\u00e7\u00f5es preciosas sobre a col\u00f3nia, n\u00e3o foram os primeiros a v\u00ea-la: espele\u00f3logos da Sociedade Espeleol\u00f3gica Checa descobriram a teia durante uma expedi\u00e7\u00e3o em 2022.<\/p>\n<p>                &#13;<br \/>\n                    &#13;<br \/>\n                    &#13;<br \/>\n                        A teia estende-se ao longo de uma caverna escura e tem cerca de 106 metros quadrados&#13;<br \/>\nMarek Audy\/ Subterranean Biology                    &#13;<\/p>\n<p>A an\u00e1lise dos cientistas revelou que duas esp\u00e9cies de aranha vivem na col\u00f3nia: Tegenaria domestica, conhecida como aranha-tecel\u00e3-de-funil ou aranha dom\u00e9stica, e Prinerigone vagans. Na visita \u00e0 caverna, Ur\u00e1k e os colegas estimaram haver cerca de 69 mil esp\u00e9cimes de Tegenaria domestica e mais de 42 mil esp\u00e9cimes de Prinerigone vagans.<\/p>\n<p>Esta \u00e9 a primeira evid\u00eancia de um comportamento cooperativo entre duas esp\u00e9cies comuns de aranhas (ambas existem em Portugal). A col\u00f3nia \u00e9 \u201cum caso \u00fanico de duas esp\u00e9cies que coabitam na mesma estrutura de teia em n\u00fameros t\u00e3o elevados\u201d, afirmou Ur\u00e1k.<\/p>\n<p>Habitualmente, a aranha-de-funil \u00e9 predadora da Prinerigone vagans, mas a aus\u00eancia de luz na caverna poder\u00e1 ter alterado esta rela\u00e7\u00e3o, diz o estudo. As aranhas acabam por se alimentar de mosquitos.<\/p>\n<p>\u201cMuitas vezes, pensamos que conhecemos completamente uma esp\u00e9cie, que compreendemos tudo sobre ela, mas ainda assim podem ocorrer descobertas inesperadas\u201d, disse Ur\u00e1k. \u201cAlgumas esp\u00e9cies apresentam uma plasticidade gen\u00e9tica not\u00e1vel, que normalmente s\u00f3 se torna evidente em condi\u00e7\u00f5es extremas. Tais condi\u00e7\u00f5es podem provocar comportamentos que n\u00e3o s\u00e3o observados em circunst\u00e2ncias normais.\u201d<\/p>\n","protected":false},"excerpt":{"rendered":"Uma equipa de cientistas descobriu mais de 111 mil aranhas naquela que parece ser a maior teia de&hellip;\n","protected":false},"author":2,"featured_media":149526,"comment_status":"","ping_status":"","sticky":false,"template":"","format":"standard","meta":{"footnotes":""},"categories":[50],"tags":[9131,964,785,2780,4614,27,28,15,16,4234,32617,14,25,26,21,22,62,12,13,19,20,542,23,24,17,18,29,30,31,63,64,65],"class_list":{"0":"post-149525","1":"post","2":"type-post","3":"status-publish","4":"format-standard","5":"has-post-thumbnail","7":"category-mundo","8":"tag-albania","9":"tag-ambiente","10":"tag-azul","11":"tag-biodiversidade","12":"tag-biologia","13":"tag-breaking-news","14":"tag-breakingnews","15":"tag-featured-news","16":"tag-featurednews","17":"tag-grecia","18":"tag-grutas","19":"tag-headlines","20":"tag-latest-news","21":"tag-latestnews","22":"tag-main-news","23":"tag-mainnews","24":"tag-mundo","25":"tag-news","26":"tag-noticias","27":"tag-noticias-principais","28":"tag-noticiasprincipais","29":"tag-para-redes","30":"tag-principais-noticias","31":"tag-principaisnoticias","32":"tag-top-stories","33":"tag-topstories","34":"tag-ultimas","35":"tag-ultimas-noticias","36":"tag-ultimasnoticias","37":"tag-world","38":"tag-world-news","39":"tag-worldnews"},"share_on_mastodon":{"url":"https:\/\/pubeurope.com\/@pt\/115537812157998488","error":""},"_links":{"self":[{"href":"https:\/\/www.europesays.com\/pt\/wp-json\/wp\/v2\/posts\/149525","targetHints":{"allow":["GET"]}}],"collection":[{"href":"https:\/\/www.europesays.com\/pt\/wp-json\/wp\/v2\/posts"}],"about":[{"href":"https:\/\/www.europesays.com\/pt\/wp-json\/wp\/v2\/types\/post"}],"author":[{"embeddable":true,"href":"https:\/\/www.europesays.com\/pt\/wp-json\/wp\/v2\/users\/2"}],"replies":[{"embeddable":true,"href":"https:\/\/www.europesays.com\/pt\/wp-json\/wp\/v2\/comments?post=149525"}],"version-history":[{"count":0,"href":"https:\/\/www.europesays.com\/pt\/wp-json\/wp\/v2\/posts\/149525\/revisions"}],"wp:featuredmedia":[{"embeddable":true,"href":"https:\/\/www.europesays.com\/pt\/wp-json\/wp\/v2\/media\/149526"}],"wp:attachment":[{"href":"https:\/\/www.europesays.com\/pt\/wp-json\/wp\/v2\/media?parent=149525"}],"wp:term":[{"taxonomy":"category","embeddable":true,"href":"https:\/\/www.europesays.com\/pt\/wp-json\/wp\/v2\/categories?post=149525"},{"taxonomy":"post_tag","embeddable":true,"href":"https:\/\/www.europesays.com\/pt\/wp-json\/wp\/v2\/tags?post=149525"}],"curies":[{"name":"wp","href":"https:\/\/api.w.org\/{rel}","templated":true}]}}